{"id":3321,"date":"2024-06-28T19:15:59","date_gmt":"2024-06-28T22:15:59","guid":{"rendered":"https:\/\/noticiasregionais.com.br\/?p=3321"},"modified":"2024-06-28T19:16:10","modified_gmt":"2024-06-28T22:16:10","slug":"bailao-de-sao-pedro-no-esporte-clube-olimpico-uma-noite-de-forro-e-diversao","status":"publish","type":"post","link":"https:\/\/noticiasregionais.com.br\/?p=3321","title":{"rendered":"Bail\u00e3o de S\u00e3o Pedro no Esporte Clube Ol\u00edmpico: Uma Noite de Forr\u00f3 e Divers\u00e3o!"},"content":{"rendered":"\n<p>Nesta sexta-feira, o Esporte Clube Ol\u00edmpico abre suas portas para uma noite de forr\u00f3 imperd\u00edvel! A partir das 21 horas, o tradicional Bail\u00e3o de S\u00e3o Pedro promete animar a todos com a m\u00fasica contagiante de JB &amp; Banda.<\/p>\n\n\n\n<p>O evento \u00e9 uma realiza\u00e7\u00e3o da SV Eventos e acontecer\u00e1 na Rua Floriano Peixoto, 543, pr\u00f3ximo \u00e0 rodovi\u00e1ria, facilitando o acesso para todos que querem aproveitar essa noite especial. Com um ambiente acolhedor e animado, o Ol\u00edmpico se destaca como a melhor op\u00e7\u00e3o para seu fim de semana.<\/p>\n\n\n\n<p>Para garantir seu lugar e aproveitar ao m\u00e1ximo a festa, voc\u00ea pode fazer a reserva de mesas com a Silvana atrav\u00e9s do WhatsApp pelo n\u00famero 9-9691-4718. N\u00e3o perca essa oportunidade de dan\u00e7ar, se divertir e celebrar S\u00e3o Pedro com muita alegria e forr\u00f3!<\/p>\n\n\n\n<p>Venha para o Ol\u00edmpico e fa\u00e7a parte dessa festa incr\u00edvel! Esperamos por voc\u00ea!<\/p>\n\n\n<div class=\"wp-block-image\">\n<figure class=\"aligncenter size-large\"><img decoding=\"async\" width=\"823\" height=\"1024\" src=\"https:\/\/noticiasregionais.com.br\/wp-content\/uploads\/2024\/06\/WhatsApp-Image-2024-06-27-at-12.04.58-1-823x1024.jpeg\" alt=\"\" class=\"wp-image-3322\" srcset=\"https:\/\/noticiasregionais.com.br\/wp-content\/uploads\/2024\/06\/WhatsApp-Image-2024-06-27-at-12.04.58-1-823x1024.jpeg 823w, https:\/\/noticiasregionais.com.br\/wp-content\/uploads\/2024\/06\/WhatsApp-Image-2024-06-27-at-12.04.58-1-241x300.jpeg 241w, https:\/\/noticiasregionais.com.br\/wp-content\/uploads\/2024\/06\/WhatsApp-Image-2024-06-27-at-12.04.58-1-768x956.jpeg 768w, https:\/\/noticiasregionais.com.br\/wp-content\/uploads\/2024\/06\/WhatsApp-Image-2024-06-27-at-12.04.58-1-1235x1536.jpeg 1235w, https:\/\/noticiasregionais.com.br\/wp-content\/uploads\/2024\/06\/WhatsApp-Image-2024-06-27-at-12.04.58-1.jpeg 1286w\" sizes=\"(max-width: 823px) 100vw, 823px\" \/><\/figure>\n<\/div><input type=\"hidden\" id=\"baseurl\" value=\"https:\/\/noticiasregionais.com.br\"><input type=\"hidden\" id=\"audio_nonce\" value=\"533fbb67b1\">","protected":false},"excerpt":{"rendered":"<p>Nesta sexta-feira, o Esporte Clube Ol\u00edmpico abre suas portas para uma noite de forr\u00f3 imperd\u00edvel! A partir das 21 horas,&hellip;<\/p>\n","protected":false},"author":1,"featured_media":1570,"comment_status":"closed","ping_status":"open","sticky":false,"template":"","format":"standard","meta":{"sfsi_plus_gutenberg_text_before_share":"","sfsi_plus_gutenberg_show_text_before_share":"","sfsi_plus_gutenberg_icon_type":"","sfsi_plus_gutenberg_icon_alignemt":"","sfsi_plus_gutenburg_max_per_row":"","footnotes":""},"categories":[5,12,1],"tags":[],"class_list":["post-3321","post","type-post","status-publish","format-standard","has-post-thumbnail","hentry","category-ourinhos","category-capa","category-noticias"],"_links":{"self":[{"href":"https:\/\/noticiasregionais.com.br\/index.php?rest_route=\/wp\/v2\/posts\/3321","targetHints":{"allow":["GET"]}}],"collection":[{"href":"https:\/\/noticiasregionais.com.br\/index.php?rest_route=\/wp\/v2\/posts"}],"about":[{"href":"https:\/\/noticiasregionais.com.br\/index.php?rest_route=\/wp\/v2\/types\/post"}],"author":[{"embeddable":true,"href":"https:\/\/noticiasregionais.com.br\/index.php?rest_route=\/wp\/v2\/users\/1"}],"replies":[{"embeddable":true,"href":"https:\/\/noticiasregionais.com.br\/index.php?rest_route=%2Fwp%2Fv2%2Fcomments&post=3321"}],"version-history":[{"count":1,"href":"https:\/\/noticiasregionais.com.br\/index.php?rest_route=\/wp\/v2\/posts\/3321\/revisions"}],"predecessor-version":[{"id":3323,"href":"https:\/\/noticiasregionais.com.br\/index.php?rest_route=\/wp\/v2\/posts\/3321\/revisions\/3323"}],"wp:featuredmedia":[{"embeddable":true,"href":"https:\/\/noticiasregionais.com.br\/index.php?rest_route=\/wp\/v2\/media\/1570"}],"wp:attachment":[{"href":"https:\/\/noticiasregionais.com.br\/index.php?rest_route=%2Fwp%2Fv2%2Fmedia&parent=3321"}],"wp:term":[{"taxonomy":"category","embeddable":true,"href":"https:\/\/noticiasregionais.com.br\/index.php?rest_route=%2Fwp%2Fv2%2Fcategories&post=3321"},{"taxonomy":"post_tag","embeddable":true,"href":"https:\/\/noticiasregionais.com.br\/index.php?rest_route=%2Fwp%2Fv2%2Ftags&post=3321"}],"curies":[{"name":"wp","href":"https:\/\/api.w.org\/{rel}","templated":true}]}}