{"id":3324,"date":"2024-07-01T18:50:44","date_gmt":"2024-07-01T21:50:44","guid":{"rendered":"https:\/\/noticiasregionais.com.br\/?p=3324"},"modified":"2024-07-01T18:50:46","modified_gmt":"2024-07-01T21:50:46","slug":"dr-jose-alves-da-luz-90-anos-de-vida-e-de-legado-a-saude-de-ourinhos-e-regiao","status":"publish","type":"post","link":"https:\/\/noticiasregionais.com.br\/?p=3324","title":{"rendered":"Dr. Jos\u00e9 Alves da Luz: 90 anos de vida e de legado \u00e0 sa\u00fade de Ourinhos e regi\u00e3o"},"content":{"rendered":"\n<p class=\"has-text-align-center\"><strong>Hoje, 1\u00ba de julho, o M\u00e9dico Radiologista Dr. Jos\u00e9 Alves da Luz, fundador do Instituto de Radiologia e um dos pioneiros do Diagn\u00f3stico por Imagem em Ourinhos, completa 90 anos de idade.<\/strong><\/p>\n\n\n\n<p>Nascido na \u00e1rea rural de Picos, no sert\u00e3o do Piau\u00ed, Dr. Jos\u00e9 da Luz enfrentou muitas adversidades desde cedo. Como filho mais velho de uma numerosa fam\u00edlia, ele ajudava o pai na ro\u00e7a e s\u00f3 aprendeu a ler aos 18 anos, durante uma interna\u00e7\u00e3o em um sanat\u00f3rio em Teresina para tratar de uma tuberculose. Determinado a mudar seu destino, continuou os estudos e, com muita coragem, mudou-se sozinho para o Rio de Janeiro.<\/p>\n\n\n\n<p>Na capital carioca, Dr. Jos\u00e9 da Luz ingressou na prestigiada Escola de Medicina e Cirurgia do Rio de Janeiro e, depois de formado, se especializou como M\u00e9dico Radiologista. Com sua forma\u00e7\u00e3o conclu\u00edda, escolheu a cidade de Ourinhos para exercer sua profiss\u00e3o e construir sua fam\u00edlia. Sua atua\u00e7\u00e3o profissional, marcada por um compromisso cont\u00ednuo com a excel\u00eancia e investimentos em equipamentos de ponta, rendeu-lhe grande respeito e admira\u00e7\u00e3o tanto entre os colegas m\u00e9dicos quanto entre os pacientes.<\/p>\n\n\n\n<p>Dr. Jos\u00e9 da Luz n\u00e3o s\u00f3 se destacou na pr\u00e1tica m\u00e9dica, mas tamb\u00e9m deixou um legado liter\u00e1rio. Incentivado por amigos que sempre admiraram suas hist\u00f3rias, ele publicou dois livros autobiogr\u00e1ficos: \u201cZ\u00e9 da Luz e suas hist\u00f3rias &#8211; O imposs\u00edvel \u00e9 apenas dif\u00edcil\u201d e \u201cDo Baixio das Ab\u00f3boras para o Mundo &#8211; Novas hist\u00f3rias de Z\u00e9 da Luz\u201d. Nessas obras, ele compartilha sua inspiradora jornada de vida, desde as dificuldades no sert\u00e3o piauiense at\u00e9 a realiza\u00e7\u00e3o profissional e pessoal em Ourinhos.<\/p>\n\n\n\n<p>A celebra\u00e7\u00e3o dos 90 anos do Dr. Jos\u00e9 Alves da Luz \u00e9 uma oportunidade para reconhecer a import\u00e2ncia de sua contribui\u00e7\u00e3o \u00e0 medicina e \u00e0 comunidade de Ourinhos. Seu exemplo de perseveran\u00e7a e dedica\u00e7\u00e3o continua a inspirar gera\u00e7\u00f5es, e sua hist\u00f3ria \u00e9 um testemunho poderoso de que, com determina\u00e7\u00e3o e coragem, \u00e9 poss\u00edvel superar qualquer obst\u00e1culo.<\/p>\n\n\n\n<p>Ourinhos se orgulha de contar com a presen\u00e7a de uma figura t\u00e3o inspiradora e de celebrar, junto com ele, essa marcante trajet\u00f3ria de vida.<\/p>\n<input type=\"hidden\" id=\"baseurl\" value=\"https:\/\/noticiasregionais.com.br\"><input type=\"hidden\" id=\"audio_nonce\" value=\"533fbb67b1\">","protected":false},"excerpt":{"rendered":"<p>Hoje, 1\u00ba de julho, o M\u00e9dico Radiologista Dr. Jos\u00e9 Alves da Luz, fundador do Instituto de Radiologia e um dos&hellip;<\/p>\n","protected":false},"author":1,"featured_media":3325,"comment_status":"closed","ping_status":"open","sticky":false,"template":"","format":"standard","meta":{"sfsi_plus_gutenberg_text_before_share":"","sfsi_plus_gutenberg_show_text_before_share":"","sfsi_plus_gutenberg_icon_type":"","sfsi_plus_gutenberg_icon_alignemt":"","sfsi_plus_gutenburg_max_per_row":"","footnotes":""},"categories":[5,10,1],"tags":[],"class_list":["post-3324","post","type-post","status-publish","format-standard","has-post-thumbnail","hentry","category-ourinhos","category-destaques","category-noticias"],"_links":{"self":[{"href":"https:\/\/noticiasregionais.com.br\/index.php?rest_route=\/wp\/v2\/posts\/3324","targetHints":{"allow":["GET"]}}],"collection":[{"href":"https:\/\/noticiasregionais.com.br\/index.php?rest_route=\/wp\/v2\/posts"}],"about":[{"href":"https:\/\/noticiasregionais.com.br\/index.php?rest_route=\/wp\/v2\/types\/post"}],"author":[{"embeddable":true,"href":"https:\/\/noticiasregionais.com.br\/index.php?rest_route=\/wp\/v2\/users\/1"}],"replies":[{"embeddable":true,"href":"https:\/\/noticiasregionais.com.br\/index.php?rest_route=%2Fwp%2Fv2%2Fcomments&post=3324"}],"version-history":[{"count":1,"href":"https:\/\/noticiasregionais.com.br\/index.php?rest_route=\/wp\/v2\/posts\/3324\/revisions"}],"predecessor-version":[{"id":3326,"href":"https:\/\/noticiasregionais.com.br\/index.php?rest_route=\/wp\/v2\/posts\/3324\/revisions\/3326"}],"wp:featuredmedia":[{"embeddable":true,"href":"https:\/\/noticiasregionais.com.br\/index.php?rest_route=\/wp\/v2\/media\/3325"}],"wp:attachment":[{"href":"https:\/\/noticiasregionais.com.br\/index.php?rest_route=%2Fwp%2Fv2%2Fmedia&parent=3324"}],"wp:term":[{"taxonomy":"category","embeddable":true,"href":"https:\/\/noticiasregionais.com.br\/index.php?rest_route=%2Fwp%2Fv2%2Fcategories&post=3324"},{"taxonomy":"post_tag","embeddable":true,"href":"https:\/\/noticiasregionais.com.br\/index.php?rest_route=%2Fwp%2Fv2%2Ftags&post=3324"}],"curies":[{"name":"wp","href":"https:\/\/api.w.org\/{rel}","templated":true}]}}