{"id":3327,"date":"2024-07-01T18:58:11","date_gmt":"2024-07-01T21:58:11","guid":{"rendered":"https:\/\/noticiasregionais.com.br\/?p=3327"},"modified":"2024-07-01T18:58:22","modified_gmt":"2024-07-01T21:58:22","slug":"operacao-conjunta-do-13o-baep-e-policia-civil-prende-traficante-em-santa-cruz-do-rio-pardo","status":"publish","type":"post","link":"https:\/\/noticiasregionais.com.br\/?p=3327","title":{"rendered":"Opera\u00e7\u00e3o Conjunta do 13\u00ba BAEP e Pol\u00edcia Civil Prende Traficante em Santa Cruz do Rio Pardo"},"content":{"rendered":"\n<p>Em uma a\u00e7\u00e3o eficaz contra o tr\u00e1fico de drogas, a Pol\u00edcia Militar, atrav\u00e9s da Equipe K9 do 13\u00ba BAEP, em opera\u00e7\u00e3o conjunta com a Pol\u00edcia Civil de Santa Cruz do Rio Pardo, prendeu um indiv\u00edduo por tr\u00e1fico de drogas na manh\u00e3 do dia 28 de junho de 2024.<\/p>\n\n\n\n<p>A opera\u00e7\u00e3o ocorreu por volta das 10h30 na Rua Pedro Abussanra Bugaribi. A pris\u00e3o foi efetuada durante o cumprimento de um mandado de busca e apreens\u00e3o no endere\u00e7o mencionado. Durante a a\u00e7\u00e3o, as autoridades apreenderam uma quantidade significativa de subst\u00e2ncias il\u00edcitas: 127g de coca\u00edna, 44g de maconha, 117g de haxixe, 20 micropontos de LSD, 4g de MDMA, al\u00e9m de R$ 3.752,00 em esp\u00e9cie, um aparelho celular e uma balan\u00e7a digital de precis\u00e3o.<\/p>\n\n\n\n<p>A ocorr\u00eancia foi encaminhada \u00e0 Central de Pol\u00edcia Judici\u00e1ria de Santa Cruz do Rio Pardo, onde o indiv\u00edduo preso permanece \u00e0 disposi\u00e7\u00e3o da Justi\u00e7a. A a\u00e7\u00e3o, conforme estabelecido pelo Artigo 33 da Lei de Drogas n\u00b0 11.343\/06, representa um passo importante na luta contra o tr\u00e1fico de drogas na regi\u00e3o, refor\u00e7ando o compromisso das for\u00e7as de seguran\u00e7a em combater atividades criminosas e garantir a seguran\u00e7a da comunidade.<\/p>\n\n\n\n<p>As autoridades ressaltam a import\u00e2ncia da colabora\u00e7\u00e3o da popula\u00e7\u00e3o na den\u00fancia de atividades suspeitas e refor\u00e7am que a parceria entre Pol\u00edcia Militar e Pol\u00edcia Civil \u00e9 crucial para a efic\u00e1cia das opera\u00e7\u00f5es contra o crime organizado.<\/p>\n<input type=\"hidden\" id=\"baseurl\" value=\"https:\/\/noticiasregionais.com.br\"><input type=\"hidden\" id=\"audio_nonce\" value=\"533fbb67b1\">","protected":false},"excerpt":{"rendered":"<p>Em uma a\u00e7\u00e3o eficaz contra o tr\u00e1fico de drogas, a Pol\u00edcia Militar, atrav\u00e9s da Equipe K9 do 13\u00ba BAEP, em&hellip;<\/p>\n","protected":false},"author":1,"featured_media":3328,"comment_status":"closed","ping_status":"open","sticky":false,"template":"","format":"standard","meta":{"sfsi_plus_gutenberg_text_before_share":"","sfsi_plus_gutenberg_show_text_before_share":"","sfsi_plus_gutenberg_icon_type":"","sfsi_plus_gutenberg_icon_alignemt":"","sfsi_plus_gutenburg_max_per_row":"","footnotes":""},"categories":[6,10,1],"tags":[],"class_list":["post-3327","post","type-post","status-publish","format-standard","has-post-thumbnail","hentry","category-sao_paulo","category-destaques","category-noticias"],"_links":{"self":[{"href":"https:\/\/noticiasregionais.com.br\/index.php?rest_route=\/wp\/v2\/posts\/3327","targetHints":{"allow":["GET"]}}],"collection":[{"href":"https:\/\/noticiasregionais.com.br\/index.php?rest_route=\/wp\/v2\/posts"}],"about":[{"href":"https:\/\/noticiasregionais.com.br\/index.php?rest_route=\/wp\/v2\/types\/post"}],"author":[{"embeddable":true,"href":"https:\/\/noticiasregionais.com.br\/index.php?rest_route=\/wp\/v2\/users\/1"}],"replies":[{"embeddable":true,"href":"https:\/\/noticiasregionais.com.br\/index.php?rest_route=%2Fwp%2Fv2%2Fcomments&post=3327"}],"version-history":[{"count":1,"href":"https:\/\/noticiasregionais.com.br\/index.php?rest_route=\/wp\/v2\/posts\/3327\/revisions"}],"predecessor-version":[{"id":3329,"href":"https:\/\/noticiasregionais.com.br\/index.php?rest_route=\/wp\/v2\/posts\/3327\/revisions\/3329"}],"wp:featuredmedia":[{"embeddable":true,"href":"https:\/\/noticiasregionais.com.br\/index.php?rest_route=\/wp\/v2\/media\/3328"}],"wp:attachment":[{"href":"https:\/\/noticiasregionais.com.br\/index.php?rest_route=%2Fwp%2Fv2%2Fmedia&parent=3327"}],"wp:term":[{"taxonomy":"category","embeddable":true,"href":"https:\/\/noticiasregionais.com.br\/index.php?rest_route=%2Fwp%2Fv2%2Fcategories&post=3327"},{"taxonomy":"post_tag","embeddable":true,"href":"https:\/\/noticiasregionais.com.br\/index.php?rest_route=%2Fwp%2Fv2%2Ftags&post=3327"}],"curies":[{"name":"wp","href":"https:\/\/api.w.org\/{rel}","templated":true}]}}