{"id":333,"date":"2023-09-11T20:36:52","date_gmt":"2023-09-11T23:36:52","guid":{"rendered":"https:\/\/noticiasregionais.com.br\/?p=333"},"modified":"2023-09-11T20:37:49","modified_gmt":"2023-09-11T23:37:49","slug":"prf-encerra-operacao-independencia-na-br-153","status":"publish","type":"post","link":"https:\/\/noticiasregionais.com.br\/?p=333","title":{"rendered":"PRF encerra Opera\u00e7\u00e3o Independ\u00eancia na BR 153"},"content":{"rendered":"\n<p>A Pol\u00edcia Rodovi\u00e1ria Federal executou a Opera\u00e7\u00e3o Independ\u00eancia do Brasil durante o per\u00edodo de 7 a 10 de setembro, concentrando suas atividades de fiscaliza\u00e7\u00e3o nos pontos e hor\u00e1rios com maior hist\u00f3rico de acidentes, com o prop\u00f3sito de mitigar a imprud\u00eancia por parte dos condutores.<\/p>\n\n\n\n<p>No trecho da BR 153 que liga Lins\/SP a Ourinhos\/SP, foram registradas 98 infra\u00e7\u00f5es por ultrapassagens em locais proibidos. De acordo com as estat\u00edsticas de acidentes, essa conduta tem sido a principal causa de fatalidades e ferimentos graves. Al\u00e9m disso, a Pol\u00edcia Rodovi\u00e1ria Federal tamb\u00e9m concentrou esfor\u00e7os na fiscaliza\u00e7\u00e3o do uso do cinto de seguran\u00e7a, resultando em 09 autua\u00e7\u00f5es por falta de utiliza\u00e7\u00e3o do cinto nos quatro dias da opera\u00e7\u00e3o.<\/p>\n\n\n\n<p>Foram registrados 4 acidentes, com 3 pessoas feridas no trecho da BR 153 que corta a regi\u00e3o de Mar\u00edlia. N\u00e3o houve mortes.<\/p>\n\n\n\n<p><sub>fonte: Setor de Comunica\u00e7\u00e3o da Pol\u00edcia Rodovi\u00e1ria Federal<\/sub><\/p>\n<input type=\"hidden\" id=\"baseurl\" value=\"https:\/\/noticiasregionais.com.br\"><input type=\"hidden\" id=\"audio_nonce\" value=\"533fbb67b1\">","protected":false},"excerpt":{"rendered":"<p>A Pol\u00edcia Rodovi\u00e1ria Federal executou a Opera\u00e7\u00e3o Independ\u00eancia do Brasil durante o per\u00edodo de 7 a 10 de setembro, concentrando&hellip;<\/p>\n","protected":false},"author":1,"featured_media":334,"comment_status":"closed","ping_status":"open","sticky":false,"template":"","format":"standard","meta":{"sfsi_plus_gutenberg_text_before_share":"","sfsi_plus_gutenberg_show_text_before_share":"","sfsi_plus_gutenberg_icon_type":"","sfsi_plus_gutenberg_icon_alignemt":"","sfsi_plus_gutenburg_max_per_row":"","footnotes":""},"categories":[6,10,1],"tags":[],"class_list":["post-333","post","type-post","status-publish","format-standard","has-post-thumbnail","hentry","category-sao_paulo","category-destaques","category-noticias"],"_links":{"self":[{"href":"https:\/\/noticiasregionais.com.br\/index.php?rest_route=\/wp\/v2\/posts\/333","targetHints":{"allow":["GET"]}}],"collection":[{"href":"https:\/\/noticiasregionais.com.br\/index.php?rest_route=\/wp\/v2\/posts"}],"about":[{"href":"https:\/\/noticiasregionais.com.br\/index.php?rest_route=\/wp\/v2\/types\/post"}],"author":[{"embeddable":true,"href":"https:\/\/noticiasregionais.com.br\/index.php?rest_route=\/wp\/v2\/users\/1"}],"replies":[{"embeddable":true,"href":"https:\/\/noticiasregionais.com.br\/index.php?rest_route=%2Fwp%2Fv2%2Fcomments&post=333"}],"version-history":[{"count":2,"href":"https:\/\/noticiasregionais.com.br\/index.php?rest_route=\/wp\/v2\/posts\/333\/revisions"}],"predecessor-version":[{"id":336,"href":"https:\/\/noticiasregionais.com.br\/index.php?rest_route=\/wp\/v2\/posts\/333\/revisions\/336"}],"wp:featuredmedia":[{"embeddable":true,"href":"https:\/\/noticiasregionais.com.br\/index.php?rest_route=\/wp\/v2\/media\/334"}],"wp:attachment":[{"href":"https:\/\/noticiasregionais.com.br\/index.php?rest_route=%2Fwp%2Fv2%2Fmedia&parent=333"}],"wp:term":[{"taxonomy":"category","embeddable":true,"href":"https:\/\/noticiasregionais.com.br\/index.php?rest_route=%2Fwp%2Fv2%2Fcategories&post=333"},{"taxonomy":"post_tag","embeddable":true,"href":"https:\/\/noticiasregionais.com.br\/index.php?rest_route=%2Fwp%2Fv2%2Ftags&post=333"}],"curies":[{"name":"wp","href":"https:\/\/api.w.org\/{rel}","templated":true}]}}