{"id":3330,"date":"2024-07-01T19:06:30","date_gmt":"2024-07-01T22:06:30","guid":{"rendered":"https:\/\/noticiasregionais.com.br\/?p=3330"},"modified":"2024-07-01T19:06:42","modified_gmt":"2024-07-01T22:06:42","slug":"fatecs-divulgam-gabarito-do-exame-do-vestibular-para-o-segundo-semestre","status":"publish","type":"post","link":"https:\/\/noticiasregionais.com.br\/?p=3330","title":{"rendered":"Fatecs divulgam gabarito do exame do Vestibular para o segundo semestre"},"content":{"rendered":"\n<p class=\"has-text-align-center\"><strong>Informa\u00e7\u00e3o pode ser consultada pelo site e na p\u00e1gina do Centro Paula Souza; classifica\u00e7\u00e3o geral ser\u00e1 divulgada no dia 15, a partir das 15h<\/strong><\/p>\n\n\n\n<p>Saiu o gabarito oficial do Vestibular das Faculdades de Tecnologia (Fatecs) do Estado de S\u00e3o Paulo. Os resultados est\u00e3o dispon\u00edveis para consulta nos sites&nbsp;<a href=\"http:\/\/www.vestibularfatec.com.br\/\" target=\"_blank\" rel=\"noreferrer noopener\">vestibularfatec.com.br<\/a>&nbsp;e&nbsp;<a href=\"http:\/\/www.cps.sp.gov.br\/\" target=\"_blank\" rel=\"noreferrer noopener\">cps.sp.gov.br<\/a>. A lista de classifica\u00e7\u00e3o geral do processo seletivo para o segundo semestre de 2024 e a primeira convoca\u00e7\u00e3o para matr\u00edculas ser\u00e3o divulgadas no dia 15, a partir das 15h.<\/p>\n\n\n\n<p>Caso o candidato tenha algum questionamento a respeito do exame poder\u00e1 encaminhar a pergunta ao&nbsp;<a href=\"https:\/\/www.vestibularfatec.com.br\/fale-conosco\/\" target=\"_blank\" rel=\"noreferrer noopener\">Fale Conosco<\/a>&nbsp;do site do Vestibular das Fatecs com a devida justificativa e proposta de resolu\u00e7\u00e3o at\u00e9 as 15h desta ter\u00e7a-feira (2).<\/p>\n\n\n\n<p>O cronograma completo do Vestibular das Fatecs para o segundo semestre pode ser consultado&nbsp;<a href=\"https:\/\/www.vestibularfatec.com.br\/calendario\/\" target=\"_blank\" rel=\"noreferrer noopener\">aqui<\/a>.<\/p>\n\n\n\n<h2 class=\"wp-block-heading\">Classifica\u00e7\u00e3o geral<\/h2>\n\n\n\n<p>Para a classifica\u00e7\u00e3o, ser\u00e3o consideradas as notas finais em ordem decrescente, de acordo com a op\u00e7\u00e3o de curso, per\u00edodo e unidade. Na lista constar\u00e3o os nomes de todos os candidatos inscritos no processo seletivo. A chamada para matr\u00edculas \u00e9 feita com base na classifica\u00e7\u00e3o, at\u00e9 o limite de vagas oferecidas.<\/p>\n\n\n\n<p>Outras informa\u00e7\u00f5es pelos telefones (11) 3471-4103 (capital e Regi\u00e3o Metropolitana) e 0800-596 9696 (demais localidades) ou pelo site&nbsp;<a href=\"https:\/\/www.vestibularfatec.com.br\/home\/\" target=\"_blank\" rel=\"noreferrer noopener\">vestibularfatec.com.br<\/a>.<\/p>\n<input type=\"hidden\" id=\"baseurl\" value=\"https:\/\/noticiasregionais.com.br\"><input type=\"hidden\" id=\"audio_nonce\" value=\"533fbb67b1\">","protected":false},"excerpt":{"rendered":"<p>Informa\u00e7\u00e3o pode ser consultada pelo site e na p\u00e1gina do Centro Paula Souza; classifica\u00e7\u00e3o geral ser\u00e1 divulgada no dia 15,&hellip;<\/p>\n","protected":false},"author":1,"featured_media":3331,"comment_status":"closed","ping_status":"open","sticky":false,"template":"","format":"standard","meta":{"sfsi_plus_gutenberg_text_before_share":"","sfsi_plus_gutenberg_show_text_before_share":"","sfsi_plus_gutenberg_icon_type":"","sfsi_plus_gutenberg_icon_alignemt":"","sfsi_plus_gutenburg_max_per_row":"","footnotes":""},"categories":[6,10,1],"tags":[],"class_list":["post-3330","post","type-post","status-publish","format-standard","has-post-thumbnail","hentry","category-sao_paulo","category-destaques","category-noticias"],"_links":{"self":[{"href":"https:\/\/noticiasregionais.com.br\/index.php?rest_route=\/wp\/v2\/posts\/3330","targetHints":{"allow":["GET"]}}],"collection":[{"href":"https:\/\/noticiasregionais.com.br\/index.php?rest_route=\/wp\/v2\/posts"}],"about":[{"href":"https:\/\/noticiasregionais.com.br\/index.php?rest_route=\/wp\/v2\/types\/post"}],"author":[{"embeddable":true,"href":"https:\/\/noticiasregionais.com.br\/index.php?rest_route=\/wp\/v2\/users\/1"}],"replies":[{"embeddable":true,"href":"https:\/\/noticiasregionais.com.br\/index.php?rest_route=%2Fwp%2Fv2%2Fcomments&post=3330"}],"version-history":[{"count":1,"href":"https:\/\/noticiasregionais.com.br\/index.php?rest_route=\/wp\/v2\/posts\/3330\/revisions"}],"predecessor-version":[{"id":3332,"href":"https:\/\/noticiasregionais.com.br\/index.php?rest_route=\/wp\/v2\/posts\/3330\/revisions\/3332"}],"wp:featuredmedia":[{"embeddable":true,"href":"https:\/\/noticiasregionais.com.br\/index.php?rest_route=\/wp\/v2\/media\/3331"}],"wp:attachment":[{"href":"https:\/\/noticiasregionais.com.br\/index.php?rest_route=%2Fwp%2Fv2%2Fmedia&parent=3330"}],"wp:term":[{"taxonomy":"category","embeddable":true,"href":"https:\/\/noticiasregionais.com.br\/index.php?rest_route=%2Fwp%2Fv2%2Fcategories&post=3330"},{"taxonomy":"post_tag","embeddable":true,"href":"https:\/\/noticiasregionais.com.br\/index.php?rest_route=%2Fwp%2Fv2%2Ftags&post=3330"}],"curies":[{"name":"wp","href":"https:\/\/api.w.org\/{rel}","templated":true}]}}