{"id":3333,"date":"2024-07-01T19:12:21","date_gmt":"2024-07-01T22:12:21","guid":{"rendered":"https:\/\/noticiasregionais.com.br\/?p=3333"},"modified":"2024-07-01T19:12:33","modified_gmt":"2024-07-01T22:12:33","slug":"pm-prende-suspeito-de-furto-em-estabelecimento-comercial-em-santo-antonio-da-platina","status":"publish","type":"post","link":"https:\/\/noticiasregionais.com.br\/?p=3333","title":{"rendered":"PM prende suspeito de furto em estabelecimento comercial em Santo Ant\u00f4nio da Platina"},"content":{"rendered":"\n<p>Na noite do dia 30 de junho de 2024, por volta das 20h, a Pol\u00edcia Militar de Santo Ant\u00f4nio da Platina realizou a pris\u00e3o de um indiv\u00edduo suspeito de cometer furto em um estabelecimento comercial localizado na Rua Dom Pedro II, no centro da cidade.<\/p>\n\n\n\n<p>A a\u00e7\u00e3o policial teve in\u00edcio ap\u00f3s os agentes receberem informa\u00e7\u00f5es detalhadas sobre o crime, que inclu\u00edam as caracter\u00edsticas do autor registradas pelas c\u00e2meras de seguran\u00e7a do estabelecimento. Com base nessas informa\u00e7\u00f5es, os policiais iniciaram dilig\u00eancias na tentativa de localizar o suspeito.<\/p>\n\n\n\n<p>Ap\u00f3s algum tempo de busca, o indiv\u00edduo foi avistado e abordado pelos policiais. Durante a revista, foram encontradas com ele v\u00e1rias c\u00e9dulas e moedas, totalizando R$ 293,00, al\u00e9m de diversos vales de vendas realizadas \u00e0 prazo pelo estabelecimento comercial.<\/p>\n\n\n\n<p>Ao ser interrogado sobre a origem do dinheiro, o suspeito confessou ter cometido o furto e afirmou que o valor encontrado era fruto do crime.<\/p>\n\n\n\n<p>Diante das evid\u00eancias e do flagrante, o indiv\u00edduo recebeu voz de pris\u00e3o e foi conduzido \u00e0 Delegacia de Pol\u00edcia para que fossem tomadas as medidas legais cab\u00edveis. O dinheiro apreendido foi entregue \u00e0s autoridades competentes.<\/p>\n\n\n\n<p>Essa a\u00e7\u00e3o reflete o compromisso da Pol\u00edcia Militar de Santo Ant\u00f4nio da Platina em garantir a seguran\u00e7a e a ordem p\u00fablica, agindo de maneira r\u00e1pida e eficiente no combate \u00e0 criminalidade. A popula\u00e7\u00e3o \u00e9 encorajada a continuar colaborando com as autoridades, fornecendo informa\u00e7\u00f5es que possam ajudar na preven\u00e7\u00e3o e resolu\u00e7\u00e3o de crimes na regi\u00e3o.<\/p>\n<input type=\"hidden\" id=\"baseurl\" value=\"https:\/\/noticiasregionais.com.br\"><input type=\"hidden\" id=\"audio_nonce\" value=\"533fbb67b1\">","protected":false},"excerpt":{"rendered":"<p>Na noite do dia 30 de junho de 2024, por volta das 20h, a Pol\u00edcia Militar de Santo Ant\u00f4nio da&hellip;<\/p>\n","protected":false},"author":1,"featured_media":3334,"comment_status":"closed","ping_status":"open","sticky":false,"template":"","format":"standard","meta":{"sfsi_plus_gutenberg_text_before_share":"","sfsi_plus_gutenberg_show_text_before_share":"","sfsi_plus_gutenberg_icon_type":"","sfsi_plus_gutenberg_icon_alignemt":"","sfsi_plus_gutenburg_max_per_row":"","footnotes":""},"categories":[7,10,1],"tags":[],"class_list":["post-3333","post","type-post","status-publish","format-standard","has-post-thumbnail","hentry","category-parana","category-destaques","category-noticias"],"_links":{"self":[{"href":"https:\/\/noticiasregionais.com.br\/index.php?rest_route=\/wp\/v2\/posts\/3333","targetHints":{"allow":["GET"]}}],"collection":[{"href":"https:\/\/noticiasregionais.com.br\/index.php?rest_route=\/wp\/v2\/posts"}],"about":[{"href":"https:\/\/noticiasregionais.com.br\/index.php?rest_route=\/wp\/v2\/types\/post"}],"author":[{"embeddable":true,"href":"https:\/\/noticiasregionais.com.br\/index.php?rest_route=\/wp\/v2\/users\/1"}],"replies":[{"embeddable":true,"href":"https:\/\/noticiasregionais.com.br\/index.php?rest_route=%2Fwp%2Fv2%2Fcomments&post=3333"}],"version-history":[{"count":1,"href":"https:\/\/noticiasregionais.com.br\/index.php?rest_route=\/wp\/v2\/posts\/3333\/revisions"}],"predecessor-version":[{"id":3335,"href":"https:\/\/noticiasregionais.com.br\/index.php?rest_route=\/wp\/v2\/posts\/3333\/revisions\/3335"}],"wp:featuredmedia":[{"embeddable":true,"href":"https:\/\/noticiasregionais.com.br\/index.php?rest_route=\/wp\/v2\/media\/3334"}],"wp:attachment":[{"href":"https:\/\/noticiasregionais.com.br\/index.php?rest_route=%2Fwp%2Fv2%2Fmedia&parent=3333"}],"wp:term":[{"taxonomy":"category","embeddable":true,"href":"https:\/\/noticiasregionais.com.br\/index.php?rest_route=%2Fwp%2Fv2%2Fcategories&post=3333"},{"taxonomy":"post_tag","embeddable":true,"href":"https:\/\/noticiasregionais.com.br\/index.php?rest_route=%2Fwp%2Fv2%2Ftags&post=3333"}],"curies":[{"name":"wp","href":"https:\/\/api.w.org\/{rel}","templated":true}]}}