{"id":3339,"date":"2024-07-01T19:47:21","date_gmt":"2024-07-01T22:47:21","guid":{"rendered":"https:\/\/noticiasregionais.com.br\/?p=3339"},"modified":"2024-07-01T19:47:25","modified_gmt":"2024-07-01T22:47:25","slug":"caminhao-pega-fogo-na-br-153-proximo-a-jacarezinho","status":"publish","type":"post","link":"https:\/\/noticiasregionais.com.br\/?p=3339","title":{"rendered":"Caminh\u00e3o pega fogo na BR-153 pr\u00f3ximo a Jacarezinho"},"content":{"rendered":"\n<p>A BR-153 ficou interditada no km 38, em Santo Ant\u00f4nio da Platina, devido ao inc\u00eandio em um caminh\u00e3o. Corpo de Bombeiros e Equipes da EPR Litoral Pioneiro estiveram no local.<\/p>\n\n\n\n<p>N\u00e3o houve v\u00edtimas, mas o inc\u00eandio causou dano de grande monta. A pista foi interditada em ambos os sentidos e o congestionamento chegou a 3 quil\u00f4metros nos dois sentidos da rodovia.<\/p>\n<input type=\"hidden\" id=\"baseurl\" value=\"https:\/\/noticiasregionais.com.br\"><input type=\"hidden\" id=\"audio_nonce\" value=\"533fbb67b1\">","protected":false},"excerpt":{"rendered":"<p>A BR-153 ficou interditada no km 38, em Santo Ant\u00f4nio da Platina, devido ao inc\u00eandio em um caminh\u00e3o. Corpo de&hellip;<\/p>\n","protected":false},"author":1,"featured_media":3340,"comment_status":"closed","ping_status":"open","sticky":false,"template":"","format":"standard","meta":{"sfsi_plus_gutenberg_text_before_share":"","sfsi_plus_gutenberg_show_text_before_share":"","sfsi_plus_gutenberg_icon_type":"","sfsi_plus_gutenberg_icon_alignemt":"","sfsi_plus_gutenburg_max_per_row":"","footnotes":""},"categories":[7,12,1],"tags":[],"class_list":["post-3339","post","type-post","status-publish","format-standard","has-post-thumbnail","hentry","category-parana","category-capa","category-noticias"],"_links":{"self":[{"href":"https:\/\/noticiasregionais.com.br\/index.php?rest_route=\/wp\/v2\/posts\/3339","targetHints":{"allow":["GET"]}}],"collection":[{"href":"https:\/\/noticiasregionais.com.br\/index.php?rest_route=\/wp\/v2\/posts"}],"about":[{"href":"https:\/\/noticiasregionais.com.br\/index.php?rest_route=\/wp\/v2\/types\/post"}],"author":[{"embeddable":true,"href":"https:\/\/noticiasregionais.com.br\/index.php?rest_route=\/wp\/v2\/users\/1"}],"replies":[{"embeddable":true,"href":"https:\/\/noticiasregionais.com.br\/index.php?rest_route=%2Fwp%2Fv2%2Fcomments&post=3339"}],"version-history":[{"count":1,"href":"https:\/\/noticiasregionais.com.br\/index.php?rest_route=\/wp\/v2\/posts\/3339\/revisions"}],"predecessor-version":[{"id":3341,"href":"https:\/\/noticiasregionais.com.br\/index.php?rest_route=\/wp\/v2\/posts\/3339\/revisions\/3341"}],"wp:featuredmedia":[{"embeddable":true,"href":"https:\/\/noticiasregionais.com.br\/index.php?rest_route=\/wp\/v2\/media\/3340"}],"wp:attachment":[{"href":"https:\/\/noticiasregionais.com.br\/index.php?rest_route=%2Fwp%2Fv2%2Fmedia&parent=3339"}],"wp:term":[{"taxonomy":"category","embeddable":true,"href":"https:\/\/noticiasregionais.com.br\/index.php?rest_route=%2Fwp%2Fv2%2Fcategories&post=3339"},{"taxonomy":"post_tag","embeddable":true,"href":"https:\/\/noticiasregionais.com.br\/index.php?rest_route=%2Fwp%2Fv2%2Ftags&post=3339"}],"curies":[{"name":"wp","href":"https:\/\/api.w.org\/{rel}","templated":true}]}}