{"id":3342,"date":"2024-07-02T09:45:09","date_gmt":"2024-07-02T12:45:09","guid":{"rendered":"https:\/\/noticiasregionais.com.br\/?p=3342"},"modified":"2024-07-02T09:45:12","modified_gmt":"2024-07-02T12:45:12","slug":"vacinacao-contra-gripe-para-que-serve-a-vacina-trivalente","status":"publish","type":"post","link":"https:\/\/noticiasregionais.com.br\/?p=3342","title":{"rendered":"Vacina\u00e7\u00e3o contra gripe: para que serve a vacina trivalente?"},"content":{"rendered":"\n<p class=\"has-text-align-center\"><strong>Unidades de sa\u00fade do SUS continuam mobilizadas pela Campanha Nacional de Vacina\u00e7\u00e3o Contra a Gripe, por todo Brasil<\/strong><\/p>\n\n\n\n<p>As unidades de sa\u00fade do SUS continuam mobilizadas pela Campanha Nacional de Vacina\u00e7\u00e3o Contra a Gripe, por todo Brasil. E a vacina contra a gripe oferecida nas salas de vacina\u00e7\u00e3o \u00e9 a trivalente. O imunizante segue as orienta\u00e7\u00f5es de produ\u00e7\u00e3o dadas pela Organiza\u00e7\u00e3o Mundial da Sa\u00fade (OMS) e protege contra as principais cepas do v\u00edrus.&nbsp;<\/p>\n\n\n\n<p>O infectologista Andr\u00e9 Prudente, diretor-geral do Hospital Giselda Trigueiro, de Natal, Rio Grande do Norte, explica o motivo da dose ser trivalente.&nbsp;<\/p>\n\n\n\n<p>\u201cA vacina atual tem tr\u00eas subtipos, que s\u00e3o os que est\u00e3o circulando no mundo atualmente: o subtipo A H1N1, o A H3N2 e o influenza B. Ent\u00e3o o fato dela ser trivalente significa que protege contra esses tr\u00eas tipos.\u201d<\/p>\n\n\n\n<p>O especialista complementa: n\u00e3o h\u00e1 problema em tomar a vacina trivalente da gripe junto com outros imunizantes do Calend\u00e1rio Nacional de Vacina\u00e7\u00e3o, como o da Covid-19, por exemplo.&nbsp;<\/p>\n\n\n\n<p>Para os que ficam preocupados com os efeitos colaterais, o doutor Andr\u00e9 Prudente afirma que a vacina da gripe \u00e9 segura.&nbsp;<\/p>\n\n\n\n<p>\u201cEla [a trivalente] n\u00e3o \u00e9 de v\u00edrus vivo, ent\u00e3o n\u00e3o vai dar gripe por causa da vacina. Ela pode dar uma dor local, pode ter um pouquinho de febre, mas normalmente n\u00e3o mais do que isso.\u201d<\/p>\n\n\n\n<p>Fa\u00e7a parte do Movimento Nacional Pela Vacina\u00e7\u00e3o e diga sim para a vacina contra a gripe. Procure uma Unidade B\u00e1sica de Sa\u00fade com a Caderneta de Vacina\u00e7\u00e3o ou documento com foto.<\/p>\n\n\n\n<p>Para mais informa\u00e7\u00f5es, acesse: <a href=\"https:\/\/www.gov.br\/saude\/pt-br\/campanhas-da-saude\/vacinacao\" target=\"_blank\" rel=\"noreferrer noopener\">www.gov.br\/vacinacao<\/a>.<\/p>\n\n\n\n<p><strong><a href=\"https:\/\/brasil61.com\/n\/vsr-fiocruz-alerta-para-o-aumento-nas-internacoes-por-infeccoes-respiratorias-bras2411578\" target=\"_blank\" rel=\"noreferrer noopener\">VSR: Fiocruz alerta para o aumento nas interna\u00e7\u00f5es por infec\u00e7\u00f5es respirat\u00f3rias<\/a><\/strong><\/p>\n\n\n\n<p><strong><a href=\"https:\/\/brasil61.com\/n\/casos-de-srag-registram-aumento-continuo-no-brasil-alerta-fiocruz-bras2411542\" target=\"_blank\" rel=\"noreferrer noopener\">Casos de SRAG registram aumento cont\u00ednuo no Brasil; alerta Fiocruz<\/a><\/strong><\/p>\n\n\n\n<p><strong><a href=\"https:\/\/brasil61.com\/n\/brasil-registra-sinalizacao-de-queda-no-numero-de-casos-de-sindrome-respiratoria-aguda-grave-bras2411428\" target=\"_blank\" rel=\"noreferrer noopener\">Brasil registra sinaliza\u00e7\u00e3o de queda no n\u00famero de casos de S\u00edndrome Respirat\u00f3ria Aguda Grave<\/a><\/strong><\/p>\n\n\n\n<p>Fonte: <a href=\"https:\/\/brasil61.com\/n\/vacinacao-contra-gripe-para-que-serve-a-vacina-trivalente-pdms242910\" target=\"_blank\" rel=\"noreferrer noopener\">Brasil 61<\/a><\/p>\n<input type=\"hidden\" id=\"baseurl\" value=\"https:\/\/noticiasregionais.com.br\"><input type=\"hidden\" id=\"audio_nonce\" value=\"533fbb67b1\">","protected":false},"excerpt":{"rendered":"<p>Unidades de sa\u00fade do SUS continuam mobilizadas pela Campanha Nacional de Vacina\u00e7\u00e3o Contra a Gripe, por todo Brasil As unidades&hellip;<\/p>\n","protected":false},"author":1,"featured_media":3343,"comment_status":"closed","ping_status":"open","sticky":false,"template":"","format":"standard","meta":{"sfsi_plus_gutenberg_text_before_share":"","sfsi_plus_gutenberg_show_text_before_share":"","sfsi_plus_gutenberg_icon_type":"","sfsi_plus_gutenberg_icon_alignemt":"","sfsi_plus_gutenburg_max_per_row":"","footnotes":""},"categories":[8,10,1],"tags":[],"class_list":["post-3342","post","type-post","status-publish","format-standard","has-post-thumbnail","hentry","category-brasil","category-destaques","category-noticias"],"_links":{"self":[{"href":"https:\/\/noticiasregionais.com.br\/index.php?rest_route=\/wp\/v2\/posts\/3342","targetHints":{"allow":["GET"]}}],"collection":[{"href":"https:\/\/noticiasregionais.com.br\/index.php?rest_route=\/wp\/v2\/posts"}],"about":[{"href":"https:\/\/noticiasregionais.com.br\/index.php?rest_route=\/wp\/v2\/types\/post"}],"author":[{"embeddable":true,"href":"https:\/\/noticiasregionais.com.br\/index.php?rest_route=\/wp\/v2\/users\/1"}],"replies":[{"embeddable":true,"href":"https:\/\/noticiasregionais.com.br\/index.php?rest_route=%2Fwp%2Fv2%2Fcomments&post=3342"}],"version-history":[{"count":1,"href":"https:\/\/noticiasregionais.com.br\/index.php?rest_route=\/wp\/v2\/posts\/3342\/revisions"}],"predecessor-version":[{"id":3344,"href":"https:\/\/noticiasregionais.com.br\/index.php?rest_route=\/wp\/v2\/posts\/3342\/revisions\/3344"}],"wp:featuredmedia":[{"embeddable":true,"href":"https:\/\/noticiasregionais.com.br\/index.php?rest_route=\/wp\/v2\/media\/3343"}],"wp:attachment":[{"href":"https:\/\/noticiasregionais.com.br\/index.php?rest_route=%2Fwp%2Fv2%2Fmedia&parent=3342"}],"wp:term":[{"taxonomy":"category","embeddable":true,"href":"https:\/\/noticiasregionais.com.br\/index.php?rest_route=%2Fwp%2Fv2%2Fcategories&post=3342"},{"taxonomy":"post_tag","embeddable":true,"href":"https:\/\/noticiasregionais.com.br\/index.php?rest_route=%2Fwp%2Fv2%2Ftags&post=3342"}],"curies":[{"name":"wp","href":"https:\/\/api.w.org\/{rel}","templated":true}]}}