{"id":3345,"date":"2024-07-02T09:58:33","date_gmt":"2024-07-02T12:58:33","guid":{"rendered":"https:\/\/noticiasregionais.com.br\/?p=3345"},"modified":"2024-07-02T09:58:45","modified_gmt":"2024-07-02T12:58:45","slug":"qualifica-sp-novo-emprego-oferece-cursos-profissionalizantes-gratuitos-para-a-regiao-de-marilia","status":"publish","type":"post","link":"https:\/\/noticiasregionais.com.br\/?p=3345","title":{"rendered":"Qualifica SP &#8211; Novo Emprego oferece cursos profissionalizantes gratuitos para a regi\u00e3o de Mar\u00edlia"},"content":{"rendered":"\n<p class=\"has-text-align-center\"><strong>Inscri\u00e7\u00f5es est\u00e3o abertas at\u00e9 15 de julho e devem ser feitas pelo site do programa<\/strong><\/p>\n\n\n\n<p>O Governo do Estado de S\u00e3o Paulo, por meio da Secretaria de Desenvolvimento Econ\u00f4mico (SDE), est\u00e1 com vagas abertas para cursos gratuitos de qualifica\u00e7\u00e3o profissional do Qualifica SP &#8211; Novo Emprego,<br>programa destinado a pessoas que buscam recoloca\u00e7\u00e3o no mercado de trabalho. S\u00e3o 60 vagas para os cursos remotos Inform\u00e1tica B\u00e1sica (30 vagas em Ourinhos) e Assistente Administrativo (30 vagas em Santa Cruz do Rio Pardo), na regi\u00e3o de Mar\u00edlia.<br>A escolha dos cursos foi realizada ap\u00f3s an\u00e1lise das demandas de mercado da regi\u00e3o, juntamente aos munic\u00edpios. O objetivo \u00e9 fazer a conex\u00e3o entre aprendizado e empregabilidade, oferecendo treinamento em segmentos em que h\u00e1 vagas abertas.<br>As inscri\u00e7\u00f5es devem ser realizadas pelo site www.qualificasp.sp.gov.br at\u00e9 o dia 15 de julho. Podem se inscrever candidatos que tenham idade m\u00ednima de 16 anos, alfabetizados e domiciliados no estado de S\u00e3o Paulo. <br>Caso o n\u00famero de inscritos seja superior ao n\u00famero de vagas, ser\u00e3o priorizadas as pessoas desempregadas, com baixa renda e com defici\u00eancia.<br>A convoca\u00e7\u00e3o dos candidatos selecionados ocorrer\u00e1 por e-mail. As aulas t\u00eam previs\u00e3o de in\u00edcio para o dia 22 de julho. Para receber o certificado, o aluno deve ter ao menos 75% de presen\u00e7a nas aulas do curso.<br><br><strong>Servi\u00e7o:<\/strong><br>Curso remoto Inform\u00e1tica B\u00e1sica<br>Cidades: Ourinhos<br>Quantidade de vagas: 30<br>Inscri\u00e7\u00f5es: at\u00e9 15 de julho<br>In\u00edcio das aulas: 22 de julho (previs\u00e3o)<br>Dura\u00e7\u00e3o do curso: 60 horas<br><br>Curso remoto Assistente Administrativo<br>Cidade: Santa Cruz do Rio Pardo<br>Quantidade de vagas: 30<br>Inscri\u00e7\u00f5es: at\u00e9 15 de julho<br>In\u00edcio das aulas: 22 de julho (previs\u00e3o)<br>Dura\u00e7\u00e3o do curso: 60 horas<br><br><strong>Sobre a SDE<\/strong><br>A Secretaria de Desenvolvimento Econ\u00f4mico (SDE), pasta do Governo do Estado de S\u00e3o Paulo, exerce papel fundamental para a reindustrializa\u00e7\u00e3o e atra\u00e7\u00e3o de investimentos com foco na gera\u00e7\u00e3o de emprego, renda e desenvolvimento regional. Al\u00e9m disso, conta com programas de capacita\u00e7\u00e3o profissional, a\u00e7\u00f5es de fomento ao empreendedorismo, que incluem linhas de microcr\u00e9dito do Banco do Povo. Tem como institui\u00e7\u00f5es vinculadas a InvestSP, a Desenvolve SP e a Junta Comercial do Estado de S\u00e3o Paulo (Jucesp).<\/p>\n<input type=\"hidden\" id=\"baseurl\" value=\"https:\/\/noticiasregionais.com.br\"><input type=\"hidden\" id=\"audio_nonce\" value=\"533fbb67b1\">","protected":false},"excerpt":{"rendered":"<p>Inscri\u00e7\u00f5es est\u00e3o abertas at\u00e9 15 de julho e devem ser feitas pelo site do programa O Governo do Estado de&hellip;<\/p>\n","protected":false},"author":1,"featured_media":3346,"comment_status":"closed","ping_status":"open","sticky":false,"template":"","format":"standard","meta":{"sfsi_plus_gutenberg_text_before_share":"","sfsi_plus_gutenberg_show_text_before_share":"","sfsi_plus_gutenberg_icon_type":"","sfsi_plus_gutenberg_icon_alignemt":"","sfsi_plus_gutenburg_max_per_row":"","footnotes":""},"categories":[6,10,1],"tags":[],"class_list":["post-3345","post","type-post","status-publish","format-standard","has-post-thumbnail","hentry","category-sao_paulo","category-destaques","category-noticias"],"_links":{"self":[{"href":"https:\/\/noticiasregionais.com.br\/index.php?rest_route=\/wp\/v2\/posts\/3345","targetHints":{"allow":["GET"]}}],"collection":[{"href":"https:\/\/noticiasregionais.com.br\/index.php?rest_route=\/wp\/v2\/posts"}],"about":[{"href":"https:\/\/noticiasregionais.com.br\/index.php?rest_route=\/wp\/v2\/types\/post"}],"author":[{"embeddable":true,"href":"https:\/\/noticiasregionais.com.br\/index.php?rest_route=\/wp\/v2\/users\/1"}],"replies":[{"embeddable":true,"href":"https:\/\/noticiasregionais.com.br\/index.php?rest_route=%2Fwp%2Fv2%2Fcomments&post=3345"}],"version-history":[{"count":1,"href":"https:\/\/noticiasregionais.com.br\/index.php?rest_route=\/wp\/v2\/posts\/3345\/revisions"}],"predecessor-version":[{"id":3347,"href":"https:\/\/noticiasregionais.com.br\/index.php?rest_route=\/wp\/v2\/posts\/3345\/revisions\/3347"}],"wp:featuredmedia":[{"embeddable":true,"href":"https:\/\/noticiasregionais.com.br\/index.php?rest_route=\/wp\/v2\/media\/3346"}],"wp:attachment":[{"href":"https:\/\/noticiasregionais.com.br\/index.php?rest_route=%2Fwp%2Fv2%2Fmedia&parent=3345"}],"wp:term":[{"taxonomy":"category","embeddable":true,"href":"https:\/\/noticiasregionais.com.br\/index.php?rest_route=%2Fwp%2Fv2%2Fcategories&post=3345"},{"taxonomy":"post_tag","embeddable":true,"href":"https:\/\/noticiasregionais.com.br\/index.php?rest_route=%2Fwp%2Fv2%2Ftags&post=3345"}],"curies":[{"name":"wp","href":"https:\/\/api.w.org\/{rel}","templated":true}]}}