{"id":3348,"date":"2024-07-02T10:38:56","date_gmt":"2024-07-02T13:38:56","guid":{"rendered":"https:\/\/noticiasregionais.com.br\/?p=3348"},"modified":"2024-07-02T10:39:07","modified_gmt":"2024-07-02T13:39:07","slug":"noite-de-derrotas-para-lucas-pocay-na-camara-de-ourinhos","status":"publish","type":"post","link":"https:\/\/noticiasregionais.com.br\/?p=3348","title":{"rendered":"Noite de derrotas para Lucas Pocay na C\u00e2mara de Ourinhos"},"content":{"rendered":"\n<p class=\"has-text-align-center\"><strong>Contrata\u00e7\u00e3o de empresa sem licita\u00e7\u00e3o para gerenciar o SAMU ser\u00e1 tema de CPI j\u00e1 instaurada e lei do reajuste dos sal\u00e1rios revogada, pode obrigar Lucas, Caio Lima e muitos outros a devolver mais de 2 milh\u00f5es ao munic\u00edpio.<\/strong><\/p>\n\n\n\n<p>Na primeira delas, a <strong>22\u00aa SESS\u00c3O ORDIN\u00c1RIA<\/strong> ganhou destaque pela instala\u00e7\u00e3o de uma CPI, para investigar mais um contrato milion\u00e1rio da gest\u00e3o Pocay, sem licita\u00e7\u00e3o. A empresa SAMAIS, trazida por Lucas Pocay, Donay Neto, Caio Lima e demais membros da atual gest\u00e3o de Ourinhos, para operacionalizar o SAMU, est\u00e1 no centro das investiga\u00e7\u00f5es, envolvida em den\u00fancias de irregularidades no Paran\u00e1 e j\u00e1 teve seus bens bloqueados. O Minist\u00e9rio P\u00fablico do Estado tamb\u00e9m propos uma A\u00c7\u00c3O CIVIL P\u00daBLICA DE RESPONSABILIZA\u00c7\u00c3O CIVIL DE PESSOA JUR\u00cdDICA POR PR\u00c1TICA DE ATOS ILICITOS CONTRA A ADMINISTRA\u00c7\u00c3O P\u00daBLICA.<\/p>\n\n\n\n<p>Na \u00e9poca dessa contrata\u00e7\u00e3o, hoje uma intensa luta judicial de Pocay e sua equipe para que o SAMU de Ourinhos saisse do conv\u00eanio firmado com a UMMES e pudesse selecionar uma empresa para prestar o servi\u00e7o \u00e0 popula\u00e7\u00e3o.<\/p>\n\n\n\n<p>Segundo documentos oficiais da C\u00e2mara Municipal de Ourinhos, a SAMAIS foi contratada sem o devido processo licitat\u00f3rio para assumir servi\u00e7os p\u00fablicos essenciais, levantando suspeitas sobre irregularidades no processo de contrata\u00e7\u00e3o. A empresa tamb\u00e9m enfrenta acusa\u00e7\u00f5es s\u00e9rias de corrup\u00e7\u00e3o no estado do Paran\u00e1, onde suas atividades est\u00e3o sob investiga\u00e7\u00e3o judicial e seus ativos foram temporariamente congelados.<\/p>\n\n\n\n<p>Diante de tal situa\u00e7\u00e3o, o poder legislativo Ourinhense instaurou uma Comiss\u00e3o Parlamentar de Inqu\u00e9rito (CPI) para investigar essa contrata\u00e7\u00e3o milion\u00e1ria sem licita\u00e7\u00e3o, realizada pelo grupo do prefeito Lucas Pocay, Donay Netto e Caio Lima.<\/p>\n\n\n\n<p>A popula\u00e7\u00e3o de Ourinhos exige total transpar\u00eancia e responsabiliza\u00e7\u00e3o dos envolvidos, buscando esclarecimentos sobre como recursos p\u00fablicos significativos foram comprometidos em circunst\u00e2ncias t\u00e3o question\u00e1veis.<\/p>\n\n\n\n<p class=\"has-text-align-center\"><strong><a href=\"https:\/\/noticiasregionais.com.br\/?p=1741\">RELEIA A MAT\u00c9RIA: SAMU de Ourinhos passa a ser administrado pela SAMAIS com valor superior ao gasto com a UMMES<\/a><\/strong><\/p>\n\n\n\n<p>A Segunda sess\u00e3o da noite por sua vez foi a <strong>1\u00aa SESS\u00c3O EXTRAORDIN\u00c1RIA<\/strong>, A SER REALIZADA NO DIA 1\u00ba DE JULHO, convocada durante a 22\u00aa SESS\u00c3O ORDIN\u00c1RIA, com o intuito de votar a revoga\u00e7\u00e3o de uma lei de 2021, apontada pelo Minist\u00e9rio P\u00fablico como Inconstitucional. O prazo dado pelo MP para quer a lei fosse revogada terminou em 16\/06, mas somente agora a base legislativa do chefe do executivo agil. Muitos acreditam que o grupo de Pocay estava tentando uma solu\u00e7\u00e3o menos dolorosa, pois o Pocay, Caio Lima e todos os demais secret\u00e1rios que ocuparam o cargo durante a vig\u00eancia da lei ter\u00e3o que ressarcir os cofres p\u00fablicos de uma cifra superior a 2 milh\u00f5es de reais recebidos ilegalmente.<\/p>\n\n\n\n<p class=\"has-text-align-center\"><strong><a href=\"https:\/\/noticiasregionais.com.br\/?p=3125\">RELEIA A MAT\u00c9RIA: Lucas Pocay, Caio Lima e demais secret\u00e1rios podem ter que devolver dinheiro recebido ilegalmente<\/a><\/strong><\/p>\n\n\n\n<p>Projeto de Lei N\u00ba 51\/2024<br>Revoga em sua totalidade a Lei n\u00ba. 6.709, de 21 de dezembro de 2021, e concede o efeito<br>repristinat\u00f3rio \u00e0 Lei Complementar n\u00ba 938\/2016.<br>A C\u00e2mara Municipal de Ourinhos, nos termos do disposto na Lei Org\u00e2nica do Munic\u00edpio, aprova a<br>seguinte Lei:<br>Art. 1\u00ba. Fica revogada na sua totalidade a Lei n\u00ba. 6.709, de 21 de dezembro de 2021.<br>Art. 2\u00ba. Fica concedido o efeito repristinat\u00f3rio \u00e0 Lei Complementar n\u00ba. 938\/2016.<br>Art. 3\u00ba. Esta Lei entra em vigor na data da sua publica\u00e7\u00e3o.<\/p>\n<input type=\"hidden\" id=\"baseurl\" value=\"https:\/\/noticiasregionais.com.br\"><input type=\"hidden\" id=\"audio_nonce\" value=\"533fbb67b1\">","protected":false},"excerpt":{"rendered":"<p>Contrata\u00e7\u00e3o de empresa sem licita\u00e7\u00e3o para gerenciar o SAMU ser\u00e1 tema de CPI j\u00e1 instaurada e lei do reajuste dos&hellip;<\/p>\n","protected":false},"author":1,"featured_media":3349,"comment_status":"closed","ping_status":"open","sticky":false,"template":"","format":"standard","meta":{"sfsi_plus_gutenberg_text_before_share":"","sfsi_plus_gutenberg_show_text_before_share":"","sfsi_plus_gutenberg_icon_type":"","sfsi_plus_gutenberg_icon_alignemt":"","sfsi_plus_gutenburg_max_per_row":"","footnotes":""},"categories":[5,12,1],"tags":[],"class_list":["post-3348","post","type-post","status-publish","format-standard","has-post-thumbnail","hentry","category-ourinhos","category-capa","category-noticias"],"_links":{"self":[{"href":"https:\/\/noticiasregionais.com.br\/index.php?rest_route=\/wp\/v2\/posts\/3348","targetHints":{"allow":["GET"]}}],"collection":[{"href":"https:\/\/noticiasregionais.com.br\/index.php?rest_route=\/wp\/v2\/posts"}],"about":[{"href":"https:\/\/noticiasregionais.com.br\/index.php?rest_route=\/wp\/v2\/types\/post"}],"author":[{"embeddable":true,"href":"https:\/\/noticiasregionais.com.br\/index.php?rest_route=\/wp\/v2\/users\/1"}],"replies":[{"embeddable":true,"href":"https:\/\/noticiasregionais.com.br\/index.php?rest_route=%2Fwp%2Fv2%2Fcomments&post=3348"}],"version-history":[{"count":1,"href":"https:\/\/noticiasregionais.com.br\/index.php?rest_route=\/wp\/v2\/posts\/3348\/revisions"}],"predecessor-version":[{"id":3350,"href":"https:\/\/noticiasregionais.com.br\/index.php?rest_route=\/wp\/v2\/posts\/3348\/revisions\/3350"}],"wp:featuredmedia":[{"embeddable":true,"href":"https:\/\/noticiasregionais.com.br\/index.php?rest_route=\/wp\/v2\/media\/3349"}],"wp:attachment":[{"href":"https:\/\/noticiasregionais.com.br\/index.php?rest_route=%2Fwp%2Fv2%2Fmedia&parent=3348"}],"wp:term":[{"taxonomy":"category","embeddable":true,"href":"https:\/\/noticiasregionais.com.br\/index.php?rest_route=%2Fwp%2Fv2%2Fcategories&post=3348"},{"taxonomy":"post_tag","embeddable":true,"href":"https:\/\/noticiasregionais.com.br\/index.php?rest_route=%2Fwp%2Fv2%2Ftags&post=3348"}],"curies":[{"name":"wp","href":"https:\/\/api.w.org\/{rel}","templated":true}]}}