{"id":3352,"date":"2024-07-11T09:10:52","date_gmt":"2024-07-11T12:10:52","guid":{"rendered":"https:\/\/noticiasregionais.com.br\/?p=3352"},"modified":"2024-07-11T09:10:55","modified_gmt":"2024-07-11T12:10:55","slug":"pm-intensificou-fiscalizacao-em-rodovias-na-operacao-nove-de-julho-2024","status":"publish","type":"post","link":"https:\/\/noticiasregionais.com.br\/?p=3352","title":{"rendered":"PM intensificou fiscaliza\u00e7\u00e3o em rodovias na Opera\u00e7\u00e3o &#8220;Nove de Julho &#8211; 2024&#8221;"},"content":{"rendered":"\n<p class=\"has-text-align-center\"><strong>Sob a prote\u00e7\u00e3o de Deus e comprometidos com a defesa da vida, da integridade f\u00edsica e da dignidade da pessoa humana, a 3\u00aa Companhia do 2\u00ba Batalh\u00e3o de Pol\u00edcia Rodovi\u00e1ria da Pol\u00edcia Militar do Estado de S\u00e3o Paulo divulgou hoje o balan\u00e7o da Opera\u00e7\u00e3o \u201cNove de Julho &#8211; 2024\u201d.<\/strong><\/p>\n\n\n\n<p>A opera\u00e7\u00e3o, realizada entre os dias 05 e 09 de julho, cobriu mais de 1.700 quil\u00f4metros de rodovias estaduais e abrangeu 64 munic\u00edpios nas regi\u00f5es de Assis, Mar\u00edlia e Ourinhos. A iniciativa teve como objetivo promover a seguran\u00e7a dos usu\u00e1rios das estradas durante o feriado prolongado.<\/p>\n\n\n\n<p>Com todo o efetivo operacional e administrativo mobilizado, o policiamento rodovi\u00e1rio esteve presente de forma cont\u00ednua e estrat\u00e9gica nas \u00e1reas de maior incid\u00eancia criminal e de acidentes de tr\u00e2nsito. A opera\u00e7\u00e3o contou com o apoio do Departamento de Estradas de Rodagem (DER), concession\u00e1rias de rodovias, ARTESP e outros parceiros, refor\u00e7ando a presen\u00e7a policial e aumentando a percep\u00e7\u00e3o de seguran\u00e7a.<\/p>\n\n\n\n<p>Durante o per\u00edodo, foram registradas 770 autua\u00e7\u00f5es por diversas infra\u00e7\u00f5es de tr\u00e2nsito, incluindo 326 por n\u00e3o uso do cinto de seguran\u00e7a, 31 por dirigir sob a influ\u00eancia de \u00e1lcool e 11 por ultrapassagens em locais proibidos. Al\u00e9m disso, foram capturadas 1.757 imagens por excesso de velocidade, evidenciando a imprud\u00eancia ainda presente entre os motoristas. Ao todo, 903 motoristas foram submetidos a testes de alcoolemia.<\/p>\n\n\n\n<p>A opera\u00e7\u00e3o registrou 22 acidentes de tr\u00e2nsito, sendo 12 com v\u00edtimas e 10 sem v\u00edtimas, resultando em 10 feridos leves e 7 graves. Importante destacar que, gra\u00e7as aos esfor\u00e7os de preserva\u00e7\u00e3o da vida, n\u00e3o houve registro de acidentes fatais durante o per\u00edodo da opera\u00e7\u00e3o.<\/p>\n\n\n\n<p>A Pol\u00edcia Militar ressaltou que a maioria dos acidentes poderia ter sido evitada, j\u00e1 que as principais causas continuam sendo a imprud\u00eancia, neglig\u00eancia ou imper\u00edcia dos condutores, al\u00e9m do desrespeito \u00e0s sinaliza\u00e7\u00f5es de tr\u00e2nsito.<\/p>\n\n\n\n<p>O balan\u00e7o da Opera\u00e7\u00e3o &#8220;Nove de Julho &#8211; 2024&#8221; refor\u00e7a o compromisso da Pol\u00edcia Militar Rodovi\u00e1ria com a seguran\u00e7a nas estradas e a preserva\u00e7\u00e3o da vida, mantendo a vigil\u00e2ncia constante e atuando para reduzir a imprud\u00eancia e aumentar a seguran\u00e7a de todos os usu\u00e1rios das rodovias estaduais.<\/p>\n<input type=\"hidden\" id=\"baseurl\" value=\"https:\/\/noticiasregionais.com.br\"><input type=\"hidden\" id=\"audio_nonce\" value=\"533fbb67b1\">","protected":false},"excerpt":{"rendered":"<p>Sob a prote\u00e7\u00e3o de Deus e comprometidos com a defesa da vida, da integridade f\u00edsica e da dignidade da pessoa&hellip;<\/p>\n","protected":false},"author":1,"featured_media":1736,"comment_status":"closed","ping_status":"open","sticky":false,"template":"","format":"standard","meta":{"sfsi_plus_gutenberg_text_before_share":"","sfsi_plus_gutenberg_show_text_before_share":"","sfsi_plus_gutenberg_icon_type":"","sfsi_plus_gutenberg_icon_alignemt":"","sfsi_plus_gutenburg_max_per_row":"","footnotes":""},"categories":[6,10,1],"tags":[],"class_list":["post-3352","post","type-post","status-publish","format-standard","has-post-thumbnail","hentry","category-sao_paulo","category-destaques","category-noticias"],"_links":{"self":[{"href":"https:\/\/noticiasregionais.com.br\/index.php?rest_route=\/wp\/v2\/posts\/3352","targetHints":{"allow":["GET"]}}],"collection":[{"href":"https:\/\/noticiasregionais.com.br\/index.php?rest_route=\/wp\/v2\/posts"}],"about":[{"href":"https:\/\/noticiasregionais.com.br\/index.php?rest_route=\/wp\/v2\/types\/post"}],"author":[{"embeddable":true,"href":"https:\/\/noticiasregionais.com.br\/index.php?rest_route=\/wp\/v2\/users\/1"}],"replies":[{"embeddable":true,"href":"https:\/\/noticiasregionais.com.br\/index.php?rest_route=%2Fwp%2Fv2%2Fcomments&post=3352"}],"version-history":[{"count":1,"href":"https:\/\/noticiasregionais.com.br\/index.php?rest_route=\/wp\/v2\/posts\/3352\/revisions"}],"predecessor-version":[{"id":3353,"href":"https:\/\/noticiasregionais.com.br\/index.php?rest_route=\/wp\/v2\/posts\/3352\/revisions\/3353"}],"wp:featuredmedia":[{"embeddable":true,"href":"https:\/\/noticiasregionais.com.br\/index.php?rest_route=\/wp\/v2\/media\/1736"}],"wp:attachment":[{"href":"https:\/\/noticiasregionais.com.br\/index.php?rest_route=%2Fwp%2Fv2%2Fmedia&parent=3352"}],"wp:term":[{"taxonomy":"category","embeddable":true,"href":"https:\/\/noticiasregionais.com.br\/index.php?rest_route=%2Fwp%2Fv2%2Fcategories&post=3352"},{"taxonomy":"post_tag","embeddable":true,"href":"https:\/\/noticiasregionais.com.br\/index.php?rest_route=%2Fwp%2Fv2%2Ftags&post=3352"}],"curies":[{"name":"wp","href":"https:\/\/api.w.org\/{rel}","templated":true}]}}