{"id":3357,"date":"2024-07-11T11:00:43","date_gmt":"2024-07-11T14:00:43","guid":{"rendered":"https:\/\/noticiasregionais.com.br\/?p=3357"},"modified":"2024-07-11T11:00:45","modified_gmt":"2024-07-11T14:00:45","slug":"governador-sanciona-lei-para-garantir-bem-estar-de-caes-e-gatos-no-estado","status":"publish","type":"post","link":"https:\/\/noticiasregionais.com.br\/?p=3357","title":{"rendered":"Governador sanciona lei para garantir bem-estar de c\u00e3es e gatos no Estado"},"content":{"rendered":"\n<p class=\"has-text-align-center\"><strong>Projeto reconhece os animais dom\u00e9sticos como seres sencientes, regulamenta comercializa\u00e7\u00e3o e garante prote\u00e7\u00e3o contra os abusos aos animais<\/strong><\/p>\n\n\n\n<p>O governador Tarc\u00edsio de Freitas sancionou o PL 1477, de 2023, que garante prote\u00e7\u00e3o, sa\u00fade e bem-estar na cria\u00e7\u00e3o e na comercializa\u00e7\u00e3o de c\u00e3es e gatos no Estado de S\u00e3o Paulo. De autoria do Executivo, o projeto de lei foi aprovado pela ALESP, com modifica\u00e7\u00f5es pelo Parlamento, no final de junho, e a lei sancionada est\u00e1 publicada na edi\u00e7\u00e3o desta quinta-feira (11) do Di\u00e1rio Oficial do Estado.<\/p>\n\n\n\n<p>A proposta do Poder Executivo foi baseada em estudos realizados pela Secretaria de Meio Ambiente, Infraestrutura e Log\u00edstica (SEMIL), di\u00e1logos com o Poder Legislativo e diversas organiza\u00e7\u00f5es do setor. A lei reconhece os animais dom\u00e9sticos como seres sencientes, ou seja, dotados de natureza biol\u00f3gica e emocional pass\u00edveis de sofrimento, e garante prote\u00e7\u00e3o contra os abusos. Por isso, a regulamenta\u00e7\u00e3o representa um grande avan\u00e7o para o bem-estar animal e favorece o controle populacional destas esp\u00e9cies.<\/p>\n\n\n\n<p>Criadores e comerciantes dever\u00e3o ter alojamento compat\u00edvel com o tamanho, porte e quantidade de animais e n\u00e3o poder\u00e3o expor os animais em vitrines fechadas ou em condi\u00e7\u00f5es explorat\u00f3rias que lhes causem desconforto e estresse. As f\u00eameas prenhas dever\u00e3o ser separadas dos outros animais no ter\u00e7o final de sua gesta\u00e7\u00e3o e a perman\u00eancia junto aos filhotes deve ser garantida pelo per\u00edodo m\u00ednimo de 6 a 8 semanas, a fim de garantir a lacta\u00e7\u00e3o adequada.<\/p>\n\n\n\n<p>Os c\u00e3es e gatos dom\u00e9sticos somente poder\u00e3o ser comercializados ou permutados por criadores e por estabelecimentos comerciais ap\u00f3s atingirem a idade m\u00ednima de 120 dias, terem recebido o ciclo completo de vacina\u00e7\u00e3o previsto no calend\u00e1rio de vacinas e estiverem esterilizados cirurgicamente e microchipados, com comprova\u00e7\u00e3o atrav\u00e9s de laudo emitido pelo m\u00e9dico-veterin\u00e1rio que assiste os animais.<\/p>\n\n\n\n<p>A nova legisla\u00e7\u00e3o pro\u00edbe a distribui\u00e7\u00e3o de c\u00e3es e gatos a t\u00edtulo de brinde, promo\u00e7\u00e3o, sorteio de rifas e bingos. Tamb\u00e9m est\u00e1 vedada a exposi\u00e7\u00e3o de c\u00e3es e gatos em eventos de rua ou quaisquer espa\u00e7os p\u00fablicos, para fins de comercializa\u00e7\u00e3o.<\/p>\n\n\n\n<p>Como forma de estimular a venda e a guarda respons\u00e1vel de c\u00e3es e gatos, a norma institui ainda o m\u00eas de maio como o \u201cM\u00eas da Sa\u00fade Animal\u201d.<\/p>\n<input type=\"hidden\" id=\"baseurl\" value=\"https:\/\/noticiasregionais.com.br\"><input type=\"hidden\" id=\"audio_nonce\" value=\"533fbb67b1\">","protected":false},"excerpt":{"rendered":"<p>Projeto reconhece os animais dom\u00e9sticos como seres sencientes, regulamenta comercializa\u00e7\u00e3o e garante prote\u00e7\u00e3o contra os abusos aos animais O governador&hellip;<\/p>\n","protected":false},"author":1,"featured_media":3358,"comment_status":"closed","ping_status":"open","sticky":false,"template":"","format":"standard","meta":{"sfsi_plus_gutenberg_text_before_share":"","sfsi_plus_gutenberg_show_text_before_share":"","sfsi_plus_gutenberg_icon_type":"","sfsi_plus_gutenberg_icon_alignemt":"","sfsi_plus_gutenburg_max_per_row":"","footnotes":""},"categories":[12,1,6],"tags":[],"class_list":["post-3357","post","type-post","status-publish","format-standard","has-post-thumbnail","hentry","category-capa","category-noticias","category-sao_paulo"],"_links":{"self":[{"href":"https:\/\/noticiasregionais.com.br\/index.php?rest_route=\/wp\/v2\/posts\/3357","targetHints":{"allow":["GET"]}}],"collection":[{"href":"https:\/\/noticiasregionais.com.br\/index.php?rest_route=\/wp\/v2\/posts"}],"about":[{"href":"https:\/\/noticiasregionais.com.br\/index.php?rest_route=\/wp\/v2\/types\/post"}],"author":[{"embeddable":true,"href":"https:\/\/noticiasregionais.com.br\/index.php?rest_route=\/wp\/v2\/users\/1"}],"replies":[{"embeddable":true,"href":"https:\/\/noticiasregionais.com.br\/index.php?rest_route=%2Fwp%2Fv2%2Fcomments&post=3357"}],"version-history":[{"count":1,"href":"https:\/\/noticiasregionais.com.br\/index.php?rest_route=\/wp\/v2\/posts\/3357\/revisions"}],"predecessor-version":[{"id":3359,"href":"https:\/\/noticiasregionais.com.br\/index.php?rest_route=\/wp\/v2\/posts\/3357\/revisions\/3359"}],"wp:featuredmedia":[{"embeddable":true,"href":"https:\/\/noticiasregionais.com.br\/index.php?rest_route=\/wp\/v2\/media\/3358"}],"wp:attachment":[{"href":"https:\/\/noticiasregionais.com.br\/index.php?rest_route=%2Fwp%2Fv2%2Fmedia&parent=3357"}],"wp:term":[{"taxonomy":"category","embeddable":true,"href":"https:\/\/noticiasregionais.com.br\/index.php?rest_route=%2Fwp%2Fv2%2Fcategories&post=3357"},{"taxonomy":"post_tag","embeddable":true,"href":"https:\/\/noticiasregionais.com.br\/index.php?rest_route=%2Fwp%2Fv2%2Ftags&post=3357"}],"curies":[{"name":"wp","href":"https:\/\/api.w.org\/{rel}","templated":true}]}}