{"id":3363,"date":"2024-07-12T09:34:48","date_gmt":"2024-07-12T12:34:48","guid":{"rendered":"https:\/\/noticiasregionais.com.br\/?p=3363"},"modified":"2024-07-12T09:35:00","modified_gmt":"2024-07-12T12:35:00","slug":"hoje-e-dia-de-forro-e-sertanejo-no-olimpico-com-a-banda-baila-comigo","status":"publish","type":"post","link":"https:\/\/noticiasregionais.com.br\/?p=3363","title":{"rendered":"Hoje \u00e9 dia de forr\u00f3 e sertanejo no Ol\u00edmpico com a Banda Baila Comigo!"},"content":{"rendered":"\n<p>Prepare-se para esquentar o seu fim de semana com um <strong>baile imperd\u00edvel<\/strong> nesta sexta-feira, dia 12 de julho, no <strong>Esporte Clube Ol\u00edmpico<\/strong>, em Ourinhos! A partir das 21h, a <strong>Banda Baila Comigo<\/strong> sobe ao palco para agitar a noite com o melhor do <strong>forr\u00f3<\/strong> e <strong>sertanejo<\/strong>.<\/p>\n\n\n\n<p><strong>Noite de m\u00fasica, dan\u00e7a e alegria<\/strong><\/p>\n\n\n\n<p>O Ol\u00edmpico vai se transformar em um verdadeiro sal\u00e3o de baile, com um ambiente <strong>agrad\u00e1vel e alegre<\/strong>, perfeito para voc\u00ea se divertir com os amigos e a fam\u00edlia. A <strong>Banda Baila Comigo<\/strong> \u00e9 conhecida por seu repert\u00f3rio contagiante e pela energia que transborda no palco, garantindo uma noite inesquec\u00edvel de <strong>m\u00fasica, dan\u00e7a e muita anima\u00e7\u00e3o<\/strong>.<\/p>\n\n\n\n<p><strong>Reservas de mesas e informa\u00e7\u00f5es<\/strong><\/p>\n\n\n\n<p>Para garantir o seu lugar nesse baile imperd\u00edvel, <strong>fa\u00e7a a reserva da sua mesa com anteced\u00eancia<\/strong> com a Silvana pelo WhatsApp <strong>14 9-9691-4718<\/strong>. A <strong>SV Eventos<\/strong> est\u00e1 preparando tudo para que voc\u00ea tenha uma noite inesquec\u00edvel.<\/p>\n\n\n\n<p><strong>O Ol\u00edmpico te espera!<\/strong><\/p>\n\n\n\n<p><strong>N\u00e3o perca a oportunidade de curtir o melhor do forr\u00f3 e sertanejo em Ourinhos!<\/strong> O <strong>Esporte Clube Ol\u00edmpico<\/strong> fica na Rua Floriano Peixoto, 543, na Vila Perino. Sexta-feira, dia 12 de julho, a partir das 21h. <strong>Esperamos voc\u00ea!<\/strong><\/p>\n<input type=\"hidden\" id=\"baseurl\" value=\"https:\/\/noticiasregionais.com.br\"><input type=\"hidden\" id=\"audio_nonce\" value=\"533fbb67b1\">","protected":false},"excerpt":{"rendered":"<p>Prepare-se para esquentar o seu fim de semana com um baile imperd\u00edvel nesta sexta-feira, dia 12 de julho, no Esporte&hellip;<\/p>\n","protected":false},"author":1,"featured_media":3364,"comment_status":"closed","ping_status":"open","sticky":false,"template":"","format":"standard","meta":{"sfsi_plus_gutenberg_text_before_share":"","sfsi_plus_gutenberg_show_text_before_share":"","sfsi_plus_gutenberg_icon_type":"","sfsi_plus_gutenberg_icon_alignemt":"","sfsi_plus_gutenburg_max_per_row":"","footnotes":""},"categories":[12,1,5],"tags":[],"class_list":["post-3363","post","type-post","status-publish","format-standard","has-post-thumbnail","hentry","category-capa","category-noticias","category-ourinhos"],"_links":{"self":[{"href":"https:\/\/noticiasregionais.com.br\/index.php?rest_route=\/wp\/v2\/posts\/3363","targetHints":{"allow":["GET"]}}],"collection":[{"href":"https:\/\/noticiasregionais.com.br\/index.php?rest_route=\/wp\/v2\/posts"}],"about":[{"href":"https:\/\/noticiasregionais.com.br\/index.php?rest_route=\/wp\/v2\/types\/post"}],"author":[{"embeddable":true,"href":"https:\/\/noticiasregionais.com.br\/index.php?rest_route=\/wp\/v2\/users\/1"}],"replies":[{"embeddable":true,"href":"https:\/\/noticiasregionais.com.br\/index.php?rest_route=%2Fwp%2Fv2%2Fcomments&post=3363"}],"version-history":[{"count":1,"href":"https:\/\/noticiasregionais.com.br\/index.php?rest_route=\/wp\/v2\/posts\/3363\/revisions"}],"predecessor-version":[{"id":3365,"href":"https:\/\/noticiasregionais.com.br\/index.php?rest_route=\/wp\/v2\/posts\/3363\/revisions\/3365"}],"wp:featuredmedia":[{"embeddable":true,"href":"https:\/\/noticiasregionais.com.br\/index.php?rest_route=\/wp\/v2\/media\/3364"}],"wp:attachment":[{"href":"https:\/\/noticiasregionais.com.br\/index.php?rest_route=%2Fwp%2Fv2%2Fmedia&parent=3363"}],"wp:term":[{"taxonomy":"category","embeddable":true,"href":"https:\/\/noticiasregionais.com.br\/index.php?rest_route=%2Fwp%2Fv2%2Fcategories&post=3363"},{"taxonomy":"post_tag","embeddable":true,"href":"https:\/\/noticiasregionais.com.br\/index.php?rest_route=%2Fwp%2Fv2%2Ftags&post=3363"}],"curies":[{"name":"wp","href":"https:\/\/api.w.org\/{rel}","templated":true}]}}