{"id":3369,"date":"2024-07-23T07:53:15","date_gmt":"2024-07-23T10:53:15","guid":{"rendered":"https:\/\/noticiasregionais.com.br\/?p=3369"},"modified":"2024-07-23T07:53:18","modified_gmt":"2024-07-23T10:53:18","slug":"traficante-procurado-pela-justica-e-preso-em-ourinhos-com-drogas-e-dinheiro","status":"publish","type":"post","link":"https:\/\/noticiasregionais.com.br\/?p=3369","title":{"rendered":"Traficante procurado pela justi\u00e7a \u00e9 preso em Ourinhos com drogas e dinheiro"},"content":{"rendered":"\n<p>Na noite de s\u00e1bado (20), uma a\u00e7\u00e3o da For\u00e7a T\u00e1tica do 31\u00ba BPM\/I resultou na pris\u00e3o de um traficante de drogas que tamb\u00e9m era procurado pela justi\u00e7a. A opera\u00e7\u00e3o aconteceu no Bairro Helena Br\u00e1s Vendramini, em Ourinhos.<\/p>\n\n\n\n<p>Durante a patrulha, os policiais abordaram o indiv\u00edduo, que j\u00e1 era conhecido por envolvimento com o tr\u00e1fico de drogas na regi\u00e3o. Ao revistar o suspeito, os agentes encontraram por\u00e7\u00f5es de maconha, coca\u00edna e haxixe, al\u00e9m de um celular, uma balan\u00e7a de precis\u00e3o e material utilizado para embalar drogas.<\/p>\n\n\n\n<p>O homem tamb\u00e9m estava com R$65,00 em dinheiro.<\/p>\n\n\n\n<p>Ap\u00f3s a confirma\u00e7\u00e3o de que o indiv\u00edduo era procurado pela justi\u00e7a com um mandado de pris\u00e3o em aberto, ele foi detido e encaminhado para a Central de Pol\u00edcia Judici\u00e1ria. A ocorr\u00eancia foi registrada como Tr\u00e1fico de Drogas e Captura de Procurado. O preso permaneceu detido \u00e0 disposi\u00e7\u00e3o da justi\u00e7a.<\/p>\n\n\n\n<p><strong>Materiais apreendidos:<\/strong><\/p>\n\n\n\n<ul class=\"wp-block-list\">\n<li>Maconha (0,016kg)<\/li>\n\n\n\n<li>Coca\u00edna (0,002kg)<\/li>\n\n\n\n<li>Haxixe (0,002kg)<\/li>\n\n\n\n<li>Dinheiro (R$65,00)<\/li>\n\n\n\n<li>1 celular<\/li>\n\n\n\n<li>1 balan\u00e7a digital<\/li>\n<\/ul>\n<input type=\"hidden\" id=\"baseurl\" value=\"https:\/\/noticiasregionais.com.br\"><input type=\"hidden\" id=\"audio_nonce\" value=\"533fbb67b1\">","protected":false},"excerpt":{"rendered":"<p>Na noite de s\u00e1bado (20), uma a\u00e7\u00e3o da For\u00e7a T\u00e1tica do 31\u00ba BPM\/I resultou na pris\u00e3o de um traficante de&hellip;<\/p>\n","protected":false},"author":1,"featured_media":3370,"comment_status":"closed","ping_status":"open","sticky":false,"template":"","format":"standard","meta":{"sfsi_plus_gutenberg_text_before_share":"","sfsi_plus_gutenberg_show_text_before_share":"","sfsi_plus_gutenberg_icon_type":"","sfsi_plus_gutenberg_icon_alignemt":"","sfsi_plus_gutenburg_max_per_row":"","footnotes":""},"categories":[5,10,1],"tags":[],"class_list":["post-3369","post","type-post","status-publish","format-standard","has-post-thumbnail","hentry","category-ourinhos","category-destaques","category-noticias"],"_links":{"self":[{"href":"https:\/\/noticiasregionais.com.br\/index.php?rest_route=\/wp\/v2\/posts\/3369","targetHints":{"allow":["GET"]}}],"collection":[{"href":"https:\/\/noticiasregionais.com.br\/index.php?rest_route=\/wp\/v2\/posts"}],"about":[{"href":"https:\/\/noticiasregionais.com.br\/index.php?rest_route=\/wp\/v2\/types\/post"}],"author":[{"embeddable":true,"href":"https:\/\/noticiasregionais.com.br\/index.php?rest_route=\/wp\/v2\/users\/1"}],"replies":[{"embeddable":true,"href":"https:\/\/noticiasregionais.com.br\/index.php?rest_route=%2Fwp%2Fv2%2Fcomments&post=3369"}],"version-history":[{"count":1,"href":"https:\/\/noticiasregionais.com.br\/index.php?rest_route=\/wp\/v2\/posts\/3369\/revisions"}],"predecessor-version":[{"id":3371,"href":"https:\/\/noticiasregionais.com.br\/index.php?rest_route=\/wp\/v2\/posts\/3369\/revisions\/3371"}],"wp:featuredmedia":[{"embeddable":true,"href":"https:\/\/noticiasregionais.com.br\/index.php?rest_route=\/wp\/v2\/media\/3370"}],"wp:attachment":[{"href":"https:\/\/noticiasregionais.com.br\/index.php?rest_route=%2Fwp%2Fv2%2Fmedia&parent=3369"}],"wp:term":[{"taxonomy":"category","embeddable":true,"href":"https:\/\/noticiasregionais.com.br\/index.php?rest_route=%2Fwp%2Fv2%2Fcategories&post=3369"},{"taxonomy":"post_tag","embeddable":true,"href":"https:\/\/noticiasregionais.com.br\/index.php?rest_route=%2Fwp%2Fv2%2Ftags&post=3369"}],"curies":[{"name":"wp","href":"https:\/\/api.w.org\/{rel}","templated":true}]}}