{"id":3372,"date":"2024-07-23T08:00:25","date_gmt":"2024-07-23T11:00:25","guid":{"rendered":"https:\/\/noticiasregionais.com.br\/?p=3372"},"modified":"2024-07-23T08:00:37","modified_gmt":"2024-07-23T11:00:37","slug":"1a-usina-solar-fotovoltaica-da-regiao-ja-esta-com-80-das-obras-concluidas","status":"publish","type":"post","link":"https:\/\/noticiasregionais.com.br\/?p=3372","title":{"rendered":"1\u00aa Usina Solar fotovoltaica da regi\u00e3o j\u00e1 est\u00e1 com 80% das obras conclu\u00eddas"},"content":{"rendered":"\n<p class=\"has-text-align-center\"><strong>Associados ACE Ourinhos ter\u00e3o benef\u00edcios exclusivos<\/strong><\/p>\n\n\n\n<p>Apoiar o desenvolvimento econ\u00f4mico e oportunizar benef\u00edcios exclusivos aos associados s\u00e3o metas de trabalho da ACE Ourinhos, que est\u00e3o sendo, mais uma vez, comprovadas com o avan\u00e7o das obras da 1\u00aa Usina Solar fotovoltaica da regi\u00e3o.<\/p>\n\n\n\n<p>Em abril, a ACE realizou um evento de apresenta\u00e7\u00e3o do projeto da DiaStrom, empresa respons\u00e1vel pela instala\u00e7\u00e3o da Usina, colocando os benef\u00edcios exclusivos para os associados. \u201c\u00c9 um projeto moderno, que fornecer\u00e1 energia limpa, contribuindo para a sustentabilidade de Ourinhos e regi\u00e3o. Fechamos essa importante parceira para que nossos associados possam ter a possibilidade de economizar em at\u00e9 20% na conta de energia\u201d, destacou Robson Martuchi, Presidente da ACE.<\/p>\n\n\n\n<p>Diversos empreendedores locais perceberam as vantagens na utiliza\u00e7\u00e3o da energia limpa e est\u00e3o animados com os avan\u00e7os das obras, que t\u00eam previs\u00e3o de conclus\u00e3o para setembro.<\/p>\n\n\n\n<p>\u201cPra n\u00f3s, foi essencial a apresenta\u00e7\u00e3o que aconteceu na ACE. Conhecemos o projeto e tiramos todas nossas d\u00favidas, uma \u00f3tima recep\u00e7\u00e3o, ressaltou Carina Turek, propriet\u00e1ria do Oliva Bistr\u00f4, que j\u00e1 aderiu \u00e0 usina solar.<\/p>\n\n\n\n<p>Outra empreendedora associada ACE, que far\u00e1 parte dos que pagar\u00e3o menos na conta de energia, \u00e9 a Dra. Val\u00e9ria Canesso. \u201c\u00c9 uma iniciativa que promove sustentabilidade e redu\u00e7\u00e3o de custos. Ser associada da ACE me trouxe v\u00e1rios benef\u00edcios e teremos o privil\u00e9gio de sermos os primeiros associados da usina de energia solar\u201d.<\/p>\n\n\n\n<p>Rivaldo Caram, CEO da DiaStrom contou que todos os 7.300 pain\u00e9is solares j\u00e1 est\u00e3o na obra, sendo que 4.000 j\u00e1 foram montados sobre as estruturas suporte. \u201cOs demais equipamentos el\u00e9tricos, incluindo os transformadores de pot\u00eancia, tamb\u00e9m est\u00e3o em processo de instala\u00e7\u00e3o. Nossa previs\u00e3o para energiza\u00e7\u00e3o e conex\u00e3o \u00e0 rede da CPFL Santa Cruz no m\u00eas de Setembro est\u00e1 mantida e a partir da\u00ed, esperamos poder atender os nossos associados com fornecimento de energia limpa e acess\u00edvel\u201d.<\/p>\n<input type=\"hidden\" id=\"baseurl\" value=\"https:\/\/noticiasregionais.com.br\"><input type=\"hidden\" id=\"audio_nonce\" value=\"533fbb67b1\">","protected":false},"excerpt":{"rendered":"<p>Associados ACE Ourinhos ter\u00e3o benef\u00edcios exclusivos Apoiar o desenvolvimento econ\u00f4mico e oportunizar benef\u00edcios exclusivos aos associados s\u00e3o metas de trabalho&hellip;<\/p>\n","protected":false},"author":1,"featured_media":3373,"comment_status":"closed","ping_status":"open","sticky":false,"template":"","format":"standard","meta":{"sfsi_plus_gutenberg_text_before_share":"","sfsi_plus_gutenberg_show_text_before_share":"","sfsi_plus_gutenberg_icon_type":"","sfsi_plus_gutenberg_icon_alignemt":"","sfsi_plus_gutenburg_max_per_row":"","footnotes":""},"categories":[6,10,1],"tags":[],"class_list":["post-3372","post","type-post","status-publish","format-standard","has-post-thumbnail","hentry","category-sao_paulo","category-destaques","category-noticias"],"_links":{"self":[{"href":"https:\/\/noticiasregionais.com.br\/index.php?rest_route=\/wp\/v2\/posts\/3372","targetHints":{"allow":["GET"]}}],"collection":[{"href":"https:\/\/noticiasregionais.com.br\/index.php?rest_route=\/wp\/v2\/posts"}],"about":[{"href":"https:\/\/noticiasregionais.com.br\/index.php?rest_route=\/wp\/v2\/types\/post"}],"author":[{"embeddable":true,"href":"https:\/\/noticiasregionais.com.br\/index.php?rest_route=\/wp\/v2\/users\/1"}],"replies":[{"embeddable":true,"href":"https:\/\/noticiasregionais.com.br\/index.php?rest_route=%2Fwp%2Fv2%2Fcomments&post=3372"}],"version-history":[{"count":1,"href":"https:\/\/noticiasregionais.com.br\/index.php?rest_route=\/wp\/v2\/posts\/3372\/revisions"}],"predecessor-version":[{"id":3374,"href":"https:\/\/noticiasregionais.com.br\/index.php?rest_route=\/wp\/v2\/posts\/3372\/revisions\/3374"}],"wp:featuredmedia":[{"embeddable":true,"href":"https:\/\/noticiasregionais.com.br\/index.php?rest_route=\/wp\/v2\/media\/3373"}],"wp:attachment":[{"href":"https:\/\/noticiasregionais.com.br\/index.php?rest_route=%2Fwp%2Fv2%2Fmedia&parent=3372"}],"wp:term":[{"taxonomy":"category","embeddable":true,"href":"https:\/\/noticiasregionais.com.br\/index.php?rest_route=%2Fwp%2Fv2%2Fcategories&post=3372"},{"taxonomy":"post_tag","embeddable":true,"href":"https:\/\/noticiasregionais.com.br\/index.php?rest_route=%2Fwp%2Fv2%2Ftags&post=3372"}],"curies":[{"name":"wp","href":"https:\/\/api.w.org\/{rel}","templated":true}]}}