{"id":340,"date":"2023-09-12T17:19:10","date_gmt":"2023-09-12T20:19:10","guid":{"rendered":"https:\/\/noticiasregionais.com.br\/?p=340"},"modified":"2023-09-12T17:23:18","modified_gmt":"2023-09-12T20:23:18","slug":"policiais-prendem-tres-traficantes-de-drogas-em-santa-cruz-do-rio-pardo","status":"publish","type":"post","link":"https:\/\/noticiasregionais.com.br\/?p=340","title":{"rendered":"Policiais prendem tr\u00eas traficantes de drogas em Santa Cruz do Rio Pardo"},"content":{"rendered":"\n<p>Tr\u00eas pessoas foram presas em flagrante por tr\u00e1fico de drogas em Santa Cruz do Rio Pardo na tarde da \u00faltima segunda-feira (11). A pris\u00e3o foi realizada por policiais do 31\u00ba Batalh\u00e3o de Pol\u00edcia Militar do Interior (BPMI).<\/p>\n\n\n\n<p>De acordo com a pol\u00edcia, a pris\u00e3o ocorreu por volta das 15h56min na Rua Jos\u00e9 Rosso, no bairro Vila Saul. Os policiais receberam informa\u00e7\u00f5es de que um im\u00f3vel no local era usado para o tr\u00e1fico de drogas.<\/p>\n\n\n\n<p>Ao chegar ao local, os policiais encontraram duas mulheres e um homem. Em revista pessoal, os policiais encontraram com os suspeitos 42 gramas de crack, 10 gramas de maconha, dois secadores de cabelo, uma chapinha para cabelo, duas caixas de som e R$2.881,00 em dinheiro.<\/p>\n\n\n\n<p>Os suspeitos foram presos em flagrante e encaminhados \u00e0 Central de Pol\u00edcia Judici\u00e1ria de Santa Cruz do Rio Pardo. Eles permanecer\u00e3o presos \u00e0 disposi\u00e7\u00e3o da Justi\u00e7a.<\/p>\n\n\n\n<p>A pris\u00e3o dos traficantes \u00e9 mais uma a\u00e7\u00e3o da Pol\u00edcia Militar no combate ao tr\u00e1fico de drogas na regi\u00e3o. A PM refor\u00e7a que a popula\u00e7\u00e3o pode contribuir com o trabalho da pol\u00edcia denunciando qualquer atividade suspeita.<\/p>\n\n\n<div class=\"wp-block-image\">\n<figure class=\"aligncenter size-large\"><img decoding=\"async\" width=\"1024\" height=\"768\" src=\"https:\/\/noticiasregionais.com.br\/wp-content\/uploads\/2023\/09\/WhatsApp-Image-2023-09-12-at-15.01.46-1024x768.jpeg\" alt=\"\" class=\"wp-image-344\" srcset=\"https:\/\/noticiasregionais.com.br\/wp-content\/uploads\/2023\/09\/WhatsApp-Image-2023-09-12-at-15.01.46-1024x768.jpeg 1024w, https:\/\/noticiasregionais.com.br\/wp-content\/uploads\/2023\/09\/WhatsApp-Image-2023-09-12-at-15.01.46-300x225.jpeg 300w, https:\/\/noticiasregionais.com.br\/wp-content\/uploads\/2023\/09\/WhatsApp-Image-2023-09-12-at-15.01.46-768x576.jpeg 768w, https:\/\/noticiasregionais.com.br\/wp-content\/uploads\/2023\/09\/WhatsApp-Image-2023-09-12-at-15.01.46-1536x1152.jpeg 1536w, https:\/\/noticiasregionais.com.br\/wp-content\/uploads\/2023\/09\/WhatsApp-Image-2023-09-12-at-15.01.46.jpeg 1600w\" sizes=\"(max-width: 1024px) 100vw, 1024px\" \/><\/figure>\n<\/div>\n\n\n<p><sub>fonte: Setor de Comunica\u00e7\u00e3o Social do 31\u00ba BPM-I<\/sub><\/p>\n<input type=\"hidden\" id=\"baseurl\" value=\"https:\/\/noticiasregionais.com.br\"><input type=\"hidden\" id=\"audio_nonce\" value=\"533fbb67b1\">","protected":false},"excerpt":{"rendered":"<p>Tr\u00eas pessoas foram presas em flagrante por tr\u00e1fico de drogas em Santa Cruz do Rio Pardo na tarde da \u00faltima&hellip;<\/p>\n","protected":false},"author":1,"featured_media":341,"comment_status":"closed","ping_status":"open","sticky":false,"template":"","format":"standard","meta":{"sfsi_plus_gutenberg_text_before_share":"","sfsi_plus_gutenberg_show_text_before_share":"","sfsi_plus_gutenberg_icon_type":"","sfsi_plus_gutenberg_icon_alignemt":"","sfsi_plus_gutenburg_max_per_row":"","footnotes":""},"categories":[6,12,1],"tags":[],"class_list":["post-340","post","type-post","status-publish","format-standard","has-post-thumbnail","hentry","category-sao_paulo","category-capa","category-noticias"],"_links":{"self":[{"href":"https:\/\/noticiasregionais.com.br\/index.php?rest_route=\/wp\/v2\/posts\/340","targetHints":{"allow":["GET"]}}],"collection":[{"href":"https:\/\/noticiasregionais.com.br\/index.php?rest_route=\/wp\/v2\/posts"}],"about":[{"href":"https:\/\/noticiasregionais.com.br\/index.php?rest_route=\/wp\/v2\/types\/post"}],"author":[{"embeddable":true,"href":"https:\/\/noticiasregionais.com.br\/index.php?rest_route=\/wp\/v2\/users\/1"}],"replies":[{"embeddable":true,"href":"https:\/\/noticiasregionais.com.br\/index.php?rest_route=%2Fwp%2Fv2%2Fcomments&post=340"}],"version-history":[{"count":3,"href":"https:\/\/noticiasregionais.com.br\/index.php?rest_route=\/wp\/v2\/posts\/340\/revisions"}],"predecessor-version":[{"id":345,"href":"https:\/\/noticiasregionais.com.br\/index.php?rest_route=\/wp\/v2\/posts\/340\/revisions\/345"}],"wp:featuredmedia":[{"embeddable":true,"href":"https:\/\/noticiasregionais.com.br\/index.php?rest_route=\/wp\/v2\/media\/341"}],"wp:attachment":[{"href":"https:\/\/noticiasregionais.com.br\/index.php?rest_route=%2Fwp%2Fv2%2Fmedia&parent=340"}],"wp:term":[{"taxonomy":"category","embeddable":true,"href":"https:\/\/noticiasregionais.com.br\/index.php?rest_route=%2Fwp%2Fv2%2Fcategories&post=340"},{"taxonomy":"post_tag","embeddable":true,"href":"https:\/\/noticiasregionais.com.br\/index.php?rest_route=%2Fwp%2Fv2%2Ftags&post=340"}],"curies":[{"name":"wp","href":"https:\/\/api.w.org\/{rel}","templated":true}]}}