{"id":3400,"date":"2024-07-26T19:36:36","date_gmt":"2024-07-26T22:36:36","guid":{"rendered":"https:\/\/noticiasregionais.com.br\/?p=3400"},"modified":"2024-07-26T19:36:38","modified_gmt":"2024-07-26T22:36:38","slug":"ace-ourinhos-traz-dicas-de-como-turbinar-as-vendas-para-o-dia-dos-pais","status":"publish","type":"post","link":"https:\/\/noticiasregionais.com.br\/?p=3400","title":{"rendered":"ACE Ourinhos traz dicas de como turbinar as vendas para o Dia dos Pais"},"content":{"rendered":"\n<p>O Dia dos Pais 2024 ser\u00e1 comemorado em 11 de agosto e \u00e9 uma importante data de aquecimento do varejo. Contudo, planejar a\u00e7\u00f5es com anteced\u00eancia e criatividade trazer ainda mais vendas para essa data que tem forte apelo emocional.<\/p>\n\n\n\n<p>Alternativas para encantar o p\u00fablico s\u00e3o sempre \u00f3timas solu\u00e7\u00f5es, mas, em primeiro lugar, todo empreendedor deve conhecer quem s\u00e3o seus clientes ideais para ent\u00e3o planejar as a\u00e7\u00f5es.<\/p>\n\n\n\n<p>\u201cDo que os clientes gostam? Quanto costumar gastar ao comprar um presente? S\u00e3o respostas fundamentais no momento de oferecer produtos que v\u00e3o encantar e garantir a venda\u201d, destaca o presidente da ACE Ourinhos, Robson Martuchi.<\/p>\n\n\n\n<p>Outro ponto importante \u00e9: n\u00e3o espere o cliente entrar na loja. \u201c\u00c9 poss\u00edvel elaborar um planejamento de postagens nas redes sociais e envio de whatsapp. Estimule a compra, informe os clientes que j\u00e1 est\u00e3o com as op\u00e7\u00f5es especiais para o Dia dos Pais. O ato de comprar \u00e9 emocional, quanto mais personaliza\u00e7\u00e3o, melhor e hoje as redes sociais ajudam muito nessa aproxima\u00e7\u00e3o\u201d.<\/p>\n\n\n\n<p>Vale tamb\u00e9m fazer uma exposi\u00e7\u00e3o diferenciada de produtos, criar kits especiais para a data, pensar em promo\u00e7\u00f5es exclusivas e com tempo limitado. \u201cNossa realidade \u00e9 de uma enxurrada de informa\u00e7\u00f5es o tempo todo sendo despejadas nos poss\u00edveis clientes. Ent\u00e3o, quanto mais personalizado, exclusivo e com boa experi\u00eancia de atendimento, mais chances de vendas concretizadas\u201d, ressalta Martuchi.<\/p>\n\n\n\n<p>E tem mais: comprando nas lojas participantes da Promo\u00e7\u00e3o da ACE \u2013 Combina\u00e7\u00e3o Perfeita Com\u00e9rcio de Ourinhos &amp; Voc\u00ea, os clientes concorrem a uma mega premia\u00e7\u00e3o. O pr\u00f3ximo sorteio j\u00e1 acontece no dia 26 de agosto!<\/p>\n<input type=\"hidden\" id=\"baseurl\" value=\"https:\/\/noticiasregionais.com.br\"><input type=\"hidden\" id=\"audio_nonce\" value=\"d7ad76df66\">","protected":false},"excerpt":{"rendered":"<p>O Dia dos Pais 2024 ser\u00e1 comemorado em 11 de agosto e \u00e9 uma importante data de aquecimento do varejo.&hellip;<\/p>\n","protected":false},"author":1,"featured_media":3401,"comment_status":"closed","ping_status":"open","sticky":false,"template":"","format":"standard","meta":{"sfsi_plus_gutenberg_text_before_share":"","sfsi_plus_gutenberg_show_text_before_share":"","sfsi_plus_gutenberg_icon_type":"","sfsi_plus_gutenberg_icon_alignemt":"","sfsi_plus_gutenburg_max_per_row":"","footnotes":""},"categories":[5,10,1],"tags":[],"class_list":["post-3400","post","type-post","status-publish","format-standard","has-post-thumbnail","hentry","category-ourinhos","category-destaques","category-noticias"],"_links":{"self":[{"href":"https:\/\/noticiasregionais.com.br\/index.php?rest_route=\/wp\/v2\/posts\/3400","targetHints":{"allow":["GET"]}}],"collection":[{"href":"https:\/\/noticiasregionais.com.br\/index.php?rest_route=\/wp\/v2\/posts"}],"about":[{"href":"https:\/\/noticiasregionais.com.br\/index.php?rest_route=\/wp\/v2\/types\/post"}],"author":[{"embeddable":true,"href":"https:\/\/noticiasregionais.com.br\/index.php?rest_route=\/wp\/v2\/users\/1"}],"replies":[{"embeddable":true,"href":"https:\/\/noticiasregionais.com.br\/index.php?rest_route=%2Fwp%2Fv2%2Fcomments&post=3400"}],"version-history":[{"count":1,"href":"https:\/\/noticiasregionais.com.br\/index.php?rest_route=\/wp\/v2\/posts\/3400\/revisions"}],"predecessor-version":[{"id":3402,"href":"https:\/\/noticiasregionais.com.br\/index.php?rest_route=\/wp\/v2\/posts\/3400\/revisions\/3402"}],"wp:featuredmedia":[{"embeddable":true,"href":"https:\/\/noticiasregionais.com.br\/index.php?rest_route=\/wp\/v2\/media\/3401"}],"wp:attachment":[{"href":"https:\/\/noticiasregionais.com.br\/index.php?rest_route=%2Fwp%2Fv2%2Fmedia&parent=3400"}],"wp:term":[{"taxonomy":"category","embeddable":true,"href":"https:\/\/noticiasregionais.com.br\/index.php?rest_route=%2Fwp%2Fv2%2Fcategories&post=3400"},{"taxonomy":"post_tag","embeddable":true,"href":"https:\/\/noticiasregionais.com.br\/index.php?rest_route=%2Fwp%2Fv2%2Ftags&post=3400"}],"curies":[{"name":"wp","href":"https:\/\/api.w.org\/{rel}","templated":true}]}}