{"id":3405,"date":"2024-07-26T20:20:09","date_gmt":"2024-07-26T23:20:09","guid":{"rendered":"https:\/\/noticiasregionais.com.br\/?p=3405"},"modified":"2024-07-26T20:20:21","modified_gmt":"2024-07-26T23:20:21","slug":"adolescente-tenta-matar-colega-dentro-de-banheiro-de-escola","status":"publish","type":"post","link":"https:\/\/noticiasregionais.com.br\/?p=3405","title":{"rendered":"Adolescente tenta matar colega dentro de banheiro de escola"},"content":{"rendered":"\n<p>Uma adolescente de 14 anos foi apreendida em flagrante, na tarde desta sexta-feira (26), em Bariri (56 quil\u00f4metros de Bauru), ap\u00f3s tentar matar com v\u00e1rios golpes de faca uma colega de 15 anos no interior do banheiro de uma escola da rede municipal onde ambas estudavam. A v\u00edtima n\u00e3o corre risco de morte.<\/p>\n\n\n\n<p>Segundo informa\u00e7\u00f5es prestadas pela Pol\u00edcia Civil \u00e0 reportagem da p\u00e1gina Clube FM, a estudante atraiu a v\u00edtima at\u00e9 a cabine do banheiro da escola sob o pretexto de que lhe contaria um segredo.<\/p>\n\n\n\n<p>L\u00e1, afirmou que iria mat\u00e1-la e, repentinamente, passou a golpe\u00e1-la com uma faca de cozinha, causando les\u00f5es no seu pesco\u00e7o, abd\u00f4men e t\u00f3rax, mas sem gravidade.<\/p>\n\n\n\n<p>Os gritos da adolescente de 15 anos atra\u00edram a aten\u00e7\u00e3o de funcion\u00e1rios da unidade, que conseguiram evitar que os golpes continuassem e convenceram a autora a solt\u00e1-la.<\/p>\n\n\n\n<p>A Pol\u00edcia Militar (PM) foi acionada e a suspeita foi conduzida \u00e0 Delegacia de Bariri, onde reiterou, em depoimento, que sua inten\u00e7\u00e3o era matar a colega, por conta de desentendimento anterior.<\/p>\n\n\n\n<p>Ela foi apreendida em flagrante por ato infracional de tentativa de homic\u00eddio e permaneceu \u00e0 disposi\u00e7\u00e3o da Vara da Inf\u00e2ncia e Juventude, aguardando a audi\u00eancia de cust\u00f3dia.<\/p>\n\n\n\n<p>J\u00e1 a v\u00edtima passou por atendimento m\u00e9dico e n\u00e3o corre risco de morte. A reportagem acionou a assessoria de imprensa da Prefeitura de Bariri e aguarda um posicionamento.<\/p>\n\n\n\n<p><strong><sub>fonte: Sampi Folhapress<\/sub><\/strong><\/p>\n<input type=\"hidden\" id=\"baseurl\" value=\"https:\/\/noticiasregionais.com.br\"><input type=\"hidden\" id=\"audio_nonce\" value=\"533fbb67b1\">","protected":false},"excerpt":{"rendered":"<p>Uma adolescente de 14 anos foi apreendida em flagrante, na tarde desta sexta-feira (26), em Bariri (56 quil\u00f4metros de Bauru),&hellip;<\/p>\n","protected":false},"author":1,"featured_media":3406,"comment_status":"closed","ping_status":"open","sticky":false,"template":"","format":"standard","meta":{"sfsi_plus_gutenberg_text_before_share":"","sfsi_plus_gutenberg_show_text_before_share":"","sfsi_plus_gutenberg_icon_type":"","sfsi_plus_gutenberg_icon_alignemt":"","sfsi_plus_gutenburg_max_per_row":"","footnotes":""},"categories":[6,12,1],"tags":[],"class_list":["post-3405","post","type-post","status-publish","format-standard","has-post-thumbnail","hentry","category-sao_paulo","category-capa","category-noticias"],"_links":{"self":[{"href":"https:\/\/noticiasregionais.com.br\/index.php?rest_route=\/wp\/v2\/posts\/3405","targetHints":{"allow":["GET"]}}],"collection":[{"href":"https:\/\/noticiasregionais.com.br\/index.php?rest_route=\/wp\/v2\/posts"}],"about":[{"href":"https:\/\/noticiasregionais.com.br\/index.php?rest_route=\/wp\/v2\/types\/post"}],"author":[{"embeddable":true,"href":"https:\/\/noticiasregionais.com.br\/index.php?rest_route=\/wp\/v2\/users\/1"}],"replies":[{"embeddable":true,"href":"https:\/\/noticiasregionais.com.br\/index.php?rest_route=%2Fwp%2Fv2%2Fcomments&post=3405"}],"version-history":[{"count":1,"href":"https:\/\/noticiasregionais.com.br\/index.php?rest_route=\/wp\/v2\/posts\/3405\/revisions"}],"predecessor-version":[{"id":3407,"href":"https:\/\/noticiasregionais.com.br\/index.php?rest_route=\/wp\/v2\/posts\/3405\/revisions\/3407"}],"wp:featuredmedia":[{"embeddable":true,"href":"https:\/\/noticiasregionais.com.br\/index.php?rest_route=\/wp\/v2\/media\/3406"}],"wp:attachment":[{"href":"https:\/\/noticiasregionais.com.br\/index.php?rest_route=%2Fwp%2Fv2%2Fmedia&parent=3405"}],"wp:term":[{"taxonomy":"category","embeddable":true,"href":"https:\/\/noticiasregionais.com.br\/index.php?rest_route=%2Fwp%2Fv2%2Fcategories&post=3405"},{"taxonomy":"post_tag","embeddable":true,"href":"https:\/\/noticiasregionais.com.br\/index.php?rest_route=%2Fwp%2Fv2%2Ftags&post=3405"}],"curies":[{"name":"wp","href":"https:\/\/api.w.org\/{rel}","templated":true}]}}