{"id":3408,"date":"2024-07-28T11:54:07","date_gmt":"2024-07-28T14:54:07","guid":{"rendered":"https:\/\/noticiasregionais.com.br\/?p=3408"},"modified":"2024-07-28T11:54:11","modified_gmt":"2024-07-28T14:54:11","slug":"convencao-oficializa-anibal-e-inhe-como-candidatos-a-prefeito-e-vice-em-canitar","status":"publish","type":"post","link":"https:\/\/noticiasregionais.com.br\/?p=3408","title":{"rendered":"Conven\u00e7\u00e3o oficializa Anibal e Inh\u00e9 como candidatos a prefeito e vice em Canitar"},"content":{"rendered":"\n<p>Na tarde de ontem, s\u00e1bado, foi realizada a conven\u00e7\u00e3o dos partidos Solidariedade, Uni\u00e3o Brasil e PSD, que confirmou os nomes de <strong>Anibal Feliciano<\/strong> como candidato a prefeito e <strong>Ang\u00e9lico Mendes, o Inh\u00e9,<\/strong> como candidato a vice-prefeito. A coliga\u00e7\u00e3o, que foi batizada de &#8220;Uni\u00e3o, Trabalho e Amor por Canitar&#8221;, refor\u00e7a o sentimento de unidade do grupo, que se uniu com o objetivo de promover o crescimento e desenvolvimento da cidade.<\/p>\n\n\n\n<p>A conven\u00e7\u00e3o foi realizada na C\u00e2mara Municipal e ficou tomada por moradores e simpatizantes, demonstrando o apoio popular \u00e0 chapa. O povo estava presente e participativo, mostrando entusiasmo e esperan\u00e7a nas propostas apresentadas.<\/p>\n\n\n\n<p>Durante a conven\u00e7\u00e3o, Anibal Feliciano destacou a necessidade de uma administra\u00e7\u00e3o com vis\u00e3o de futuro para Canitar. &#8220;Nossa cidade precisa ser reunificada, precisamos amar o nosso povo e trabalhar por ele. Queremos uma cidade que gere emprego e cuide de seus cidad\u00e3os&#8221;, afirmou o candidato a prefeito.<\/p>\n\n\n\n<p>Ang\u00e9lico Mendes, o Inh\u00e9, complementou dizendo que foi o sonho de ver uma cidade que cresce em prol do povo que uniu o grupo. &#8220;\u00c9 preciso que Canitar avance e se torne uma cidade digna e pr\u00f3spera para todos&#8221;, ressaltou o candidato a vice-prefeito.<\/p>\n\n\n\n<p>A chapa de candidatos a vereadores ficou assim:<\/p>\n\n\n\n<ul class=\"wp-block-list\">\n<li><strong>Solidariedade:<\/strong> Alex Sorriso, Alisson Rafael, Angela Palma, Cleuza Gon\u00e7alves, Beto Jesus, Jailton, Enfermeiro Leandro, Renatinho do Pi e Vanilda Ferreira.<\/li>\n\n\n\n<li><strong>PSD:<\/strong> Inh\u00e9zinho, Fabiana Pires, Gordo da Lojinha, Chiquinho da Van, Kelita Enfermeira, Luquinha, Pequinha, Renato da Adega, Naldinho e Samira.<\/li>\n\n\n\n<li><strong>Uni\u00e3o Brasil:<\/strong> Juliana Feliciano, Ratinho, Chic\u00e3o, Alisson Feij\u00e3o, Ang\u00e9lica Marron, Lucas Sponchiado, Eloisa Benetti, Piu, Jo\u00e3o Bigode e Maria Fernandes.<\/li>\n<\/ul>\n\n\n\n<p>A coliga\u00e7\u00e3o <strong>&#8220;Uni\u00e3o, Trabalho e Amor por Canitar&#8221;<\/strong> pretende trazer uma nova perspectiva para a administra\u00e7\u00e3o municipal, focando no desenvolvimento econ\u00f4mico, na cria\u00e7\u00e3o de empregos e na melhoria da qualidade de vida da popula\u00e7\u00e3o. Com a experi\u00eancia de Anibal como ex-prefeito e o compromisso de Inh\u00e9 com a comunidade, a chapa busca trabalhar para um futuro mais pr\u00f3spero para Canitar.<\/p>\n<input type=\"hidden\" id=\"baseurl\" value=\"https:\/\/noticiasregionais.com.br\"><input type=\"hidden\" id=\"audio_nonce\" value=\"533fbb67b1\">","protected":false},"excerpt":{"rendered":"<p>Na tarde de ontem, s\u00e1bado, foi realizada a conven\u00e7\u00e3o dos partidos Solidariedade, Uni\u00e3o Brasil e PSD, que confirmou os nomes&hellip;<\/p>\n","protected":false},"author":1,"featured_media":3409,"comment_status":"closed","ping_status":"open","sticky":false,"template":"","format":"standard","meta":{"sfsi_plus_gutenberg_text_before_share":"","sfsi_plus_gutenberg_show_text_before_share":"","sfsi_plus_gutenberg_icon_type":"","sfsi_plus_gutenberg_icon_alignemt":"","sfsi_plus_gutenburg_max_per_row":"","footnotes":""},"categories":[6,12,1],"tags":[],"class_list":["post-3408","post","type-post","status-publish","format-standard","has-post-thumbnail","hentry","category-sao_paulo","category-capa","category-noticias"],"_links":{"self":[{"href":"https:\/\/noticiasregionais.com.br\/index.php?rest_route=\/wp\/v2\/posts\/3408","targetHints":{"allow":["GET"]}}],"collection":[{"href":"https:\/\/noticiasregionais.com.br\/index.php?rest_route=\/wp\/v2\/posts"}],"about":[{"href":"https:\/\/noticiasregionais.com.br\/index.php?rest_route=\/wp\/v2\/types\/post"}],"author":[{"embeddable":true,"href":"https:\/\/noticiasregionais.com.br\/index.php?rest_route=\/wp\/v2\/users\/1"}],"replies":[{"embeddable":true,"href":"https:\/\/noticiasregionais.com.br\/index.php?rest_route=%2Fwp%2Fv2%2Fcomments&post=3408"}],"version-history":[{"count":1,"href":"https:\/\/noticiasregionais.com.br\/index.php?rest_route=\/wp\/v2\/posts\/3408\/revisions"}],"predecessor-version":[{"id":3410,"href":"https:\/\/noticiasregionais.com.br\/index.php?rest_route=\/wp\/v2\/posts\/3408\/revisions\/3410"}],"wp:featuredmedia":[{"embeddable":true,"href":"https:\/\/noticiasregionais.com.br\/index.php?rest_route=\/wp\/v2\/media\/3409"}],"wp:attachment":[{"href":"https:\/\/noticiasregionais.com.br\/index.php?rest_route=%2Fwp%2Fv2%2Fmedia&parent=3408"}],"wp:term":[{"taxonomy":"category","embeddable":true,"href":"https:\/\/noticiasregionais.com.br\/index.php?rest_route=%2Fwp%2Fv2%2Fcategories&post=3408"},{"taxonomy":"post_tag","embeddable":true,"href":"https:\/\/noticiasregionais.com.br\/index.php?rest_route=%2Fwp%2Fv2%2Ftags&post=3408"}],"curies":[{"name":"wp","href":"https:\/\/api.w.org\/{rel}","templated":true}]}}