{"id":3411,"date":"2024-07-28T12:19:25","date_gmt":"2024-07-28T15:19:25","guid":{"rendered":"https:\/\/noticiasregionais.com.br\/?p=3411"},"modified":"2024-07-28T12:19:29","modified_gmt":"2024-07-28T15:19:29","slug":"ministerio-da-saude-confirma-primeiras-mortes-por-febre-oropouche-no-brasil","status":"publish","type":"post","link":"https:\/\/noticiasregionais.com.br\/?p=3411","title":{"rendered":"Minist\u00e9rio da sa\u00fade confirma primeiras mortes por febre oropouche no Brasil"},"content":{"rendered":"\n<p class=\"has-text-align-center\"><strong>Casos de \u00f3bitos em mulheres jovens na Bahia alertam para aumento expressivo de 766,6% nos registros da doen\u00e7a em 2024, destacando a necessidade de preven\u00e7\u00e3o e vigil\u00e2ncia.<\/strong><\/p>\n\n\n\n<p>O Minist\u00e9rio da Sa\u00fade confirmou na \u00faltima quinta-feira (25) duas mortes por febre oropouche no pa\u00eds. At\u00e9 o momento, n\u00e3o havia relato na literatura cient\u00edfica mundial sobre a ocorr\u00eancia de \u00f3bito pela doen\u00e7a, informou a pasta, em nota. As mortes s\u00e3o de mulheres que viviam no interior da Bahia, tinham menos de 30 anos de idade, sem comorbidades, e apresentavam sinais e sintomas semelhantes ao de dengue grave. Neste ano, o pa\u00eds j\u00e1 registrou 7.236 casos, uma alta de 766,6% em rela\u00e7\u00e3o ao acumulado de 2023. Em nota ao portal <strong>&nbsp;Brasil 61<\/strong>, a Secretaria da Sa\u00fade do Estado da Bahia (Sesab) confirmou os &nbsp;\u00f3bitos e destacou as medidas de preven\u00e7\u00e3o.<\/p>\n\n\n\n<p>\u201cPor ser transmitida por um mosquito &#8211; o maruim ou mosquito palha, as medidas de &nbsp;preven\u00e7\u00e3o, a exemplo do uso de repelente, podem ser &nbsp;adotadas pelos indiv\u00edduos.\u201d<br><br><strong>Entenda a Febre Oropouche<\/strong><br><br>A febre oropouche \u00e9 uma infec\u00e7\u00e3o causada pelo v\u00edrus <em>Orthobunyavirus oropoucheense<\/em>, transmitida principalmente pelo mosquito<em> Culicoides paraenses<\/em>, conhecido como maruim ou mosquito-p\u00f3lvora, na regi\u00e3o amaz\u00f4nica. Em locais silvestres, outros insetos como o <em>Coquilletti diavenezuelensis<\/em> e o<em> Aedes serratus<\/em> podem disseminar o pat\u00f3geno. J\u00e1 em \u00e1reas urbanas, onde a circula\u00e7\u00e3o do v\u00edrus \u00e9 menos comum, o mosquito <em>Culex quinquefasciatus <\/em>tamb\u00e9m atua como um vetor. &nbsp;Karina Martins, m\u00e9dica infectologista faz um alerta sobre a oropouche.<\/p>\n\n\n\n<p>\u201cEssa virose com alerta epidemiol\u00f3gico tem sintomas muito parecidos com dengue, chikungunya ou zika. Ela \u00e9 tamb\u00e9m uma arbovirose, ou seja, transmitida por artr\u00f3podes como os mosquitos ou carrapatos, s\u00f3 que o mosquito da febre do&nbsp;oropouche \u00e9 um mosquito diferente, \u00e9 um mosquito chamado mosquito <em>culicoides paraenses,<\/em> conhecido como maruim ou mosquito p\u00f3lvora. Tamb\u00e9m o mosquito <em>culex <\/em>pode ser transmissor&nbsp;em ambientes urbanos\u201d.<br><br>Os sintomas da febre oropouche incluem febre alta, dores de cabe\u00e7a intensas, dores musculares e articulares, e em alguns casos, manifesta\u00e7\u00f5es hemorr\u00e1gicas. Os sintomas costumam aparecer de 4 a 8 dias ap\u00f3s a picada do mosquito infectado. Karina Martins explica as diferen\u00e7as dos sintomas.&nbsp;<\/p>\n\n\n\n<p>\u201cEnt\u00e3o, a maioria das pessoas t\u00eam aqueles sintomas como febre, dor de cabe\u00e7a, dor no olho ou at\u00e9 dor atr\u00e1s dos olhos, algum &#8220;rash&#8221; cut\u00e2neo, vermelhid\u00e3o cut\u00e2nea. Esses sintomas s\u00e3o muito parecidos, n\u00e9, com as outras arboviroses. O que costuma a\u00ed diferenciar \u00e9 essa recupera\u00e7\u00e3o mais lenta, que pode durar v\u00e1rias semanas, e cerca de 60% desses pacientes com oropouche podem apresentar recidiva. Ent\u00e3o, depois de uma, duas semanas de cura da febre, volta a recidivar com febre.<br><br><strong>Preven\u00e7\u00e3o e Tratamento<\/strong><br><br>A preven\u00e7\u00e3o da febre oropouche envolve medidas para evitar a picada dos mosquitos vetores, como o uso de repelentes, roupas de manga longa e instala\u00e7\u00e3o de telas em portas e janelas. Al\u00e9m disso, \u00e9 crucial eliminar focos de \u00e1gua parada que possam servir de criadouro para os mosquitos. A m\u00e9dica Karina Martins explica sobre os tratamentos.&nbsp;<\/p>\n\n\n\n<p>\u201cN\u00e3o temos um tratamento espec\u00edfico para essa doen\u00e7a, n\u00e3o temos vacina, n\u00e3o temos rem\u00e9dio espec\u00edfico para essa virose, os cuidados ent\u00e3o se baseiam em sintom\u00e1ticos e as medidas de preven\u00e7\u00e3o contra o mosquito. Sintom\u00e1ticos, s\u00e3o usados analg\u00e9sicos, antit\u00e9rmicos e, principalmente, repouso e hidrata\u00e7\u00e3o. Muito importante manter a hidrata\u00e7\u00e3o adequada, \u00e9 o principal fator para a recupera\u00e7\u00e3o do paciente. Explica<br><br>Pacientes com sintomas graves devem ser hospitalizados para monitoramento e cuidados intensivos.<br><br><strong>Grupos de Risco<\/strong><br><br>Embora qualquer pessoa possa ser infectada pelo v\u00edrus, os grupos mais vulner\u00e1veis incluem crian\u00e7as, idosos e pessoas com sistemas imunol\u00f3gicos comprometidos. Karina faz um alerta sobre essa virose.<br><br>\u201cFique atento a essa nova virose que tem sintomas a\u00ed muito parecidos com dengue e chikungunya. Para fazer esse diagn\u00f3stico diferencial \u00e9 necess\u00e1rio uma notifica\u00e7\u00e3o desses casos e envio para vigil\u00e2ncia epidemiol\u00f3gica para poder fazer testes, pois n\u00e3o temos esses testes dispon\u00edveis ainda em laborat\u00f3rio particular\u201d.<br><br>A r\u00e1pida identifica\u00e7\u00e3o e tratamento dos casos s\u00e3o essenciais para prevenir complica\u00e7\u00f5es e \u00f3bitos.<br>&nbsp;<\/p>\n\n\n\n<p>Fonte: <a href=\"https:\/\/brasil61.com\/n\/ministerio-da-saude-confirma-primeiras-mortes-por-febre-oropouche-no-brasil-bras2412232\" target=\"_blank\" rel=\"noreferrer noopener\">Brasil 61<\/a><\/p>\n<input type=\"hidden\" id=\"baseurl\" value=\"https:\/\/noticiasregionais.com.br\"><input type=\"hidden\" id=\"audio_nonce\" value=\"533fbb67b1\">","protected":false},"excerpt":{"rendered":"<p>Casos de \u00f3bitos em mulheres jovens na Bahia alertam para aumento expressivo de 766,6% nos registros da doen\u00e7a em 2024,&hellip;<\/p>\n","protected":false},"author":1,"featured_media":3412,"comment_status":"closed","ping_status":"open","sticky":false,"template":"","format":"standard","meta":{"sfsi_plus_gutenberg_text_before_share":"","sfsi_plus_gutenberg_show_text_before_share":"","sfsi_plus_gutenberg_icon_type":"","sfsi_plus_gutenberg_icon_alignemt":"","sfsi_plus_gutenburg_max_per_row":"","footnotes":""},"categories":[8,10,1],"tags":[],"class_list":["post-3411","post","type-post","status-publish","format-standard","has-post-thumbnail","hentry","category-brasil","category-destaques","category-noticias"],"_links":{"self":[{"href":"https:\/\/noticiasregionais.com.br\/index.php?rest_route=\/wp\/v2\/posts\/3411","targetHints":{"allow":["GET"]}}],"collection":[{"href":"https:\/\/noticiasregionais.com.br\/index.php?rest_route=\/wp\/v2\/posts"}],"about":[{"href":"https:\/\/noticiasregionais.com.br\/index.php?rest_route=\/wp\/v2\/types\/post"}],"author":[{"embeddable":true,"href":"https:\/\/noticiasregionais.com.br\/index.php?rest_route=\/wp\/v2\/users\/1"}],"replies":[{"embeddable":true,"href":"https:\/\/noticiasregionais.com.br\/index.php?rest_route=%2Fwp%2Fv2%2Fcomments&post=3411"}],"version-history":[{"count":1,"href":"https:\/\/noticiasregionais.com.br\/index.php?rest_route=\/wp\/v2\/posts\/3411\/revisions"}],"predecessor-version":[{"id":3413,"href":"https:\/\/noticiasregionais.com.br\/index.php?rest_route=\/wp\/v2\/posts\/3411\/revisions\/3413"}],"wp:featuredmedia":[{"embeddable":true,"href":"https:\/\/noticiasregionais.com.br\/index.php?rest_route=\/wp\/v2\/media\/3412"}],"wp:attachment":[{"href":"https:\/\/noticiasregionais.com.br\/index.php?rest_route=%2Fwp%2Fv2%2Fmedia&parent=3411"}],"wp:term":[{"taxonomy":"category","embeddable":true,"href":"https:\/\/noticiasregionais.com.br\/index.php?rest_route=%2Fwp%2Fv2%2Fcategories&post=3411"},{"taxonomy":"post_tag","embeddable":true,"href":"https:\/\/noticiasregionais.com.br\/index.php?rest_route=%2Fwp%2Fv2%2Ftags&post=3411"}],"curies":[{"name":"wp","href":"https:\/\/api.w.org\/{rel}","templated":true}]}}