{"id":3414,"date":"2024-07-28T12:31:38","date_gmt":"2024-07-28T15:31:38","guid":{"rendered":"https:\/\/noticiasregionais.com.br\/?p=3414"},"modified":"2024-07-28T12:31:42","modified_gmt":"2024-07-28T15:31:42","slug":"prf-apreende-meia-tonelada-de-maconha-em-ourinhos-sp","status":"publish","type":"post","link":"https:\/\/noticiasregionais.com.br\/?p=3414","title":{"rendered":"PRF apreende meia tonelada de maconha em Ourinhos-SP"},"content":{"rendered":"\n<p class=\"has-text-align-center\"><strong>O ve\u00edculo j\u00e1 havia evadido da pol\u00edcia no Paran\u00e1.<\/strong><\/p>\n\n\n\n<p>Na madrugada deste s\u00e1bado (27), a PRF apreendeu meia tonelada de maconha e uma pistola 9mm na SP 327, rodovia Orlando Quagliato, em Ourinhos-SP.<br>Durante o plant\u00e3o, a equipe policial da PRF recebeu a informa\u00e7\u00e3o de que um ve\u00edculo modelo Ecosport, cor preta, havia se evadido da fiscaliza\u00e7\u00e3o no estado do Paran\u00e1 e poderia estar transportando entorpecentes desde a fronteira do pa\u00eds, com destino \u00e0 cidade de S\u00e3o Paulo.<br>Com a suspeita de que o ve\u00edculo poderia estar seguindo para a capital, a equipe decidiu deslocar-se para a Rodovia Orlando Quagliato, \u00e0 procura de algum ve\u00edculo que correspondesse \u00e0 descri\u00e7\u00e3o recebida.<br>Durante o deslocamento, os policiais visualizaram um ve\u00edculo FORD\/ECOSPORT cor preta, com placas de Corbelia-PR, que se deslocava em alta velocidade.<br>A princ\u00edpio o condutor n\u00e3o obedeceu \u00e0 ordem de parada dada pelos agentes.<br>Ap\u00f3s cerca de 01 km, o ve\u00edculo parou no acostamento, e do lado de fora j\u00e1 foi poss\u00edvel \u00e0 equipe visualizar tijolos do que aparentava ser maconha. Questionado sobre o que estava transportando, o condutor afirmou que levava meia tonelada de maconha para S\u00e3o Paulo-SP.<br>Ele disse, tamb\u00e9m, que levava uma pistola no porta-luvas do ve\u00edculo.<br>O homem confirmou que recebeu o carro j\u00e1 carregado em Foz de Igua\u00e7u-PR e o deixaria na regi\u00e3o da capital paulista, e que receberia cerca de R$ 10 mil pela viagem.<br>Ocorr\u00eancia encaminhada para a Pol\u00edcia Judici\u00e1ria de Ourinhos-SP, onde o homem foi preso em flagrante por tr\u00e1fico de drogas e porte ilegal de arma. Ele tem 18 anos e mora em Foz do Igua\u00e7u-PR.<br>A pesagem oficial apontou 497,36 kg de maconha.<\/p>\n\n\n\n<figure class=\"wp-block-gallery has-nested-images columns-default is-cropped wp-block-gallery-1 is-layout-flex wp-block-gallery-is-layout-flex\">\n<figure class=\"wp-block-image size-large\"><a href=\"https:\/\/noticiasregionais.com.br\/wp-content\/uploads\/2024\/07\/Droga-Ecosporte.jpg\"><img decoding=\"async\" width=\"1024\" height=\"664\" data-id=\"3416\" src=\"https:\/\/noticiasregionais.com.br\/wp-content\/uploads\/2024\/07\/Droga-Ecosporte-1024x664.jpg\" alt=\"\" class=\"wp-image-3416\" srcset=\"https:\/\/noticiasregionais.com.br\/wp-content\/uploads\/2024\/07\/Droga-Ecosporte-1024x664.jpg 1024w, https:\/\/noticiasregionais.com.br\/wp-content\/uploads\/2024\/07\/Droga-Ecosporte-300x195.jpg 300w, https:\/\/noticiasregionais.com.br\/wp-content\/uploads\/2024\/07\/Droga-Ecosporte-768x498.jpg 768w, https:\/\/noticiasregionais.com.br\/wp-content\/uploads\/2024\/07\/Droga-Ecosporte.jpg 1175w\" sizes=\"(max-width: 1024px) 100vw, 1024px\" \/><\/a><\/figure>\n\n\n\n<figure class=\"wp-block-image size-large\"><a href=\"https:\/\/noticiasregionais.com.br\/wp-content\/uploads\/2024\/07\/Arma.jpg\"><img decoding=\"async\" width=\"1024\" height=\"636\" data-id=\"3417\" src=\"https:\/\/noticiasregionais.com.br\/wp-content\/uploads\/2024\/07\/Arma-1024x636.jpg\" alt=\"\" class=\"wp-image-3417\" srcset=\"https:\/\/noticiasregionais.com.br\/wp-content\/uploads\/2024\/07\/Arma-1024x636.jpg 1024w, https:\/\/noticiasregionais.com.br\/wp-content\/uploads\/2024\/07\/Arma-300x186.jpg 300w, https:\/\/noticiasregionais.com.br\/wp-content\/uploads\/2024\/07\/Arma-768x477.jpg 768w, https:\/\/noticiasregionais.com.br\/wp-content\/uploads\/2024\/07\/Arma.jpg 1199w\" sizes=\"(max-width: 1024px) 100vw, 1024px\" \/><\/a><\/figure>\n\n\n\n<figure class=\"wp-block-image size-large\"><a href=\"https:\/\/noticiasregionais.com.br\/wp-content\/uploads\/2024\/07\/WhatsApp-Image-2024-07-27-at-10.09.59.jpeg\"><img decoding=\"async\" width=\"1024\" height=\"768\" data-id=\"3415\" src=\"https:\/\/noticiasregionais.com.br\/wp-content\/uploads\/2024\/07\/WhatsApp-Image-2024-07-27-at-10.09.59-1024x768.jpeg\" alt=\"\" class=\"wp-image-3415\" srcset=\"https:\/\/noticiasregionais.com.br\/wp-content\/uploads\/2024\/07\/WhatsApp-Image-2024-07-27-at-10.09.59-1024x768.jpeg 1024w, https:\/\/noticiasregionais.com.br\/wp-content\/uploads\/2024\/07\/WhatsApp-Image-2024-07-27-at-10.09.59-300x225.jpeg 300w, https:\/\/noticiasregionais.com.br\/wp-content\/uploads\/2024\/07\/WhatsApp-Image-2024-07-27-at-10.09.59-768x576.jpeg 768w, https:\/\/noticiasregionais.com.br\/wp-content\/uploads\/2024\/07\/WhatsApp-Image-2024-07-27-at-10.09.59-1536x1152.jpeg 1536w, https:\/\/noticiasregionais.com.br\/wp-content\/uploads\/2024\/07\/WhatsApp-Image-2024-07-27-at-10.09.59.jpeg 1600w\" sizes=\"(max-width: 1024px) 100vw, 1024px\" \/><\/a><\/figure>\n<\/figure>\n<input type=\"hidden\" id=\"baseurl\" value=\"https:\/\/noticiasregionais.com.br\"><input type=\"hidden\" id=\"audio_nonce\" value=\"9ddf44ba02\">","protected":false},"excerpt":{"rendered":"<p>O ve\u00edculo j\u00e1 havia evadido da pol\u00edcia no Paran\u00e1. Na madrugada deste s\u00e1bado (27), a PRF apreendeu meia tonelada de&hellip;<\/p>\n","protected":false},"author":1,"featured_media":3418,"comment_status":"closed","ping_status":"open","sticky":false,"template":"","format":"standard","meta":{"sfsi_plus_gutenberg_text_before_share":"","sfsi_plus_gutenberg_show_text_before_share":"","sfsi_plus_gutenberg_icon_type":"","sfsi_plus_gutenberg_icon_alignemt":"","sfsi_plus_gutenburg_max_per_row":"","footnotes":""},"categories":[5,10,1],"tags":[],"class_list":["post-3414","post","type-post","status-publish","format-standard","has-post-thumbnail","hentry","category-ourinhos","category-destaques","category-noticias"],"_links":{"self":[{"href":"https:\/\/noticiasregionais.com.br\/index.php?rest_route=\/wp\/v2\/posts\/3414","targetHints":{"allow":["GET"]}}],"collection":[{"href":"https:\/\/noticiasregionais.com.br\/index.php?rest_route=\/wp\/v2\/posts"}],"about":[{"href":"https:\/\/noticiasregionais.com.br\/index.php?rest_route=\/wp\/v2\/types\/post"}],"author":[{"embeddable":true,"href":"https:\/\/noticiasregionais.com.br\/index.php?rest_route=\/wp\/v2\/users\/1"}],"replies":[{"embeddable":true,"href":"https:\/\/noticiasregionais.com.br\/index.php?rest_route=%2Fwp%2Fv2%2Fcomments&post=3414"}],"version-history":[{"count":1,"href":"https:\/\/noticiasregionais.com.br\/index.php?rest_route=\/wp\/v2\/posts\/3414\/revisions"}],"predecessor-version":[{"id":3419,"href":"https:\/\/noticiasregionais.com.br\/index.php?rest_route=\/wp\/v2\/posts\/3414\/revisions\/3419"}],"wp:featuredmedia":[{"embeddable":true,"href":"https:\/\/noticiasregionais.com.br\/index.php?rest_route=\/wp\/v2\/media\/3418"}],"wp:attachment":[{"href":"https:\/\/noticiasregionais.com.br\/index.php?rest_route=%2Fwp%2Fv2%2Fmedia&parent=3414"}],"wp:term":[{"taxonomy":"category","embeddable":true,"href":"https:\/\/noticiasregionais.com.br\/index.php?rest_route=%2Fwp%2Fv2%2Fcategories&post=3414"},{"taxonomy":"post_tag","embeddable":true,"href":"https:\/\/noticiasregionais.com.br\/index.php?rest_route=%2Fwp%2Fv2%2Ftags&post=3414"}],"curies":[{"name":"wp","href":"https:\/\/api.w.org\/{rel}","templated":true}]}}