{"id":3420,"date":"2024-07-29T07:22:15","date_gmt":"2024-07-29T10:22:15","guid":{"rendered":"https:\/\/noticiasregionais.com.br\/?p=3420"},"modified":"2024-07-29T07:22:26","modified_gmt":"2024-07-29T10:22:26","slug":"acao-conjunta-entre-pm-prf-e-policia-federal-prende-traficantes-em-rodovia-da-regiao","status":"publish","type":"post","link":"https:\/\/noticiasregionais.com.br\/?p=3420","title":{"rendered":"A\u00e7\u00e3o conjunta entre PM, PRF e Policia Federal prende traficantes em rodovia da regi\u00e3o"},"content":{"rendered":"\n<p>Na tarde de ontem, uma opera\u00e7\u00e3o conjunta envolvendo o Policiamento Rodovi\u00e1rio, a Pol\u00edcia Federal e a Pol\u00edcia Rodovi\u00e1ria Federal resultou na pris\u00e3o de indiv\u00edduos por tr\u00e1fico de drogas na Rodovia Rachid Rayes (SP-333), altura do km 340, em Mar\u00edlia, SP.<\/p>\n\n\n\n<p>Por volta das 13h, durante a realiza\u00e7\u00e3o da Opera\u00e7\u00e3o Impacto, policiais abordaram dois ve\u00edculos: um Hyundai HB20, ocupado pelo condutor e um passageiro, e um caminh\u00e3o Iveco Tector, dirigido apenas pelo condutor. Durante a vistoria dos ve\u00edculos, foram encontrados dois paletes contendo v\u00e1rios fardos de maconha no compartimento de carga do caminh\u00e3o.<\/p>\n\n\n\n<p>A ocorr\u00eancia foi encaminhada \u00e0 Pol\u00edcia Federal de Mar\u00edlia, onde os ve\u00edculos foram apreendidos e a droga, totalizando 1.544,85 kg de maconha, foi contabilizada. Os indiv\u00edduos envolvidos foram detidos e permanecer\u00e3o presos, aguardando os procedimentos legais.<\/p>\n\n\n\n<p>A a\u00e7\u00e3o coordenada das for\u00e7as de seguran\u00e7a reflete o compromisso cont\u00ednuo da Pol\u00edcia Militar, que se aproxima de seus 200 anos, em combater o crime e garantir a seguran\u00e7a p\u00fablica.<\/p>\n\n\n\n<p><\/p>\n<input type=\"hidden\" id=\"baseurl\" value=\"https:\/\/noticiasregionais.com.br\"><input type=\"hidden\" id=\"audio_nonce\" value=\"533fbb67b1\">","protected":false},"excerpt":{"rendered":"<p>Na tarde de ontem, uma opera\u00e7\u00e3o conjunta envolvendo o Policiamento Rodovi\u00e1rio, a Pol\u00edcia Federal e a Pol\u00edcia Rodovi\u00e1ria Federal resultou&hellip;<\/p>\n","protected":false},"author":1,"featured_media":3421,"comment_status":"closed","ping_status":"open","sticky":false,"template":"","format":"standard","meta":{"sfsi_plus_gutenberg_text_before_share":"","sfsi_plus_gutenberg_show_text_before_share":"","sfsi_plus_gutenberg_icon_type":"","sfsi_plus_gutenberg_icon_alignemt":"","sfsi_plus_gutenburg_max_per_row":"","footnotes":""},"categories":[6,10,1],"tags":[],"class_list":["post-3420","post","type-post","status-publish","format-standard","has-post-thumbnail","hentry","category-sao_paulo","category-destaques","category-noticias"],"_links":{"self":[{"href":"https:\/\/noticiasregionais.com.br\/index.php?rest_route=\/wp\/v2\/posts\/3420","targetHints":{"allow":["GET"]}}],"collection":[{"href":"https:\/\/noticiasregionais.com.br\/index.php?rest_route=\/wp\/v2\/posts"}],"about":[{"href":"https:\/\/noticiasregionais.com.br\/index.php?rest_route=\/wp\/v2\/types\/post"}],"author":[{"embeddable":true,"href":"https:\/\/noticiasregionais.com.br\/index.php?rest_route=\/wp\/v2\/users\/1"}],"replies":[{"embeddable":true,"href":"https:\/\/noticiasregionais.com.br\/index.php?rest_route=%2Fwp%2Fv2%2Fcomments&post=3420"}],"version-history":[{"count":1,"href":"https:\/\/noticiasregionais.com.br\/index.php?rest_route=\/wp\/v2\/posts\/3420\/revisions"}],"predecessor-version":[{"id":3422,"href":"https:\/\/noticiasregionais.com.br\/index.php?rest_route=\/wp\/v2\/posts\/3420\/revisions\/3422"}],"wp:featuredmedia":[{"embeddable":true,"href":"https:\/\/noticiasregionais.com.br\/index.php?rest_route=\/wp\/v2\/media\/3421"}],"wp:attachment":[{"href":"https:\/\/noticiasregionais.com.br\/index.php?rest_route=%2Fwp%2Fv2%2Fmedia&parent=3420"}],"wp:term":[{"taxonomy":"category","embeddable":true,"href":"https:\/\/noticiasregionais.com.br\/index.php?rest_route=%2Fwp%2Fv2%2Fcategories&post=3420"},{"taxonomy":"post_tag","embeddable":true,"href":"https:\/\/noticiasregionais.com.br\/index.php?rest_route=%2Fwp%2Fv2%2Ftags&post=3420"}],"curies":[{"name":"wp","href":"https:\/\/api.w.org\/{rel}","templated":true}]}}