{"id":3423,"date":"2024-07-29T07:34:31","date_gmt":"2024-07-29T10:34:31","guid":{"rendered":"https:\/\/noticiasregionais.com.br\/?p=3423"},"modified":"2024-07-29T07:34:33","modified_gmt":"2024-07-29T10:34:33","slug":"fies-prazo-para-complementar-inscricao-vai-de-31-de-julho-a-2-de-agosto","status":"publish","type":"post","link":"https:\/\/noticiasregionais.com.br\/?p=3423","title":{"rendered":"FIES: prazo para complementar inscri\u00e7\u00e3o vai de 31 de julho a 2 de agosto"},"content":{"rendered":"\n<p class=\"has-text-align-center\"><strong>Podem participar dessa etapa de inclus\u00e3o das informa\u00e7\u00f5es os estudantes selecionados para o Fies no segundo semestre de 2023 ou no primeiro semestre de 2024 e que tiveram a conclus\u00e3o da inscri\u00e7\u00e3o adiada para o segundo semestre de 2024<\/strong><\/p>\n\n\n\n<p>Ap\u00f3s ser adiado para o segundo semestre de 2024, o Minist\u00e9rio da Educa\u00e7\u00e3o (MEC) publicou o edital para inscri\u00e7\u00f5es para o Fundo de Financiamento Estudantil (Fies). Todos o cronograma e os procedimentos para a complementa\u00e7\u00e3o das informa\u00e7\u00f5es&nbsp;j\u00e1 est\u00e3o dispon\u00edveis. Os candidatos devem acrescentar os dados que faltam para que possam ter direito a contrata\u00e7\u00e3o do financiamento. Mas \u00e9 importante ficar atento ao prazo. Ele come\u00e7a em 31 de julho e vai at\u00e9 2 de agosto. As inscri\u00e7\u00f5es devem ser feitas no site do <a href=\"https:\/\/acessounico.mec.gov.br\/fies\" target=\"_blank\" rel=\"noreferrer noopener\">Fies<\/a>.<\/p>\n\n\n\n<p>Podem participar dessa etapa de inclus\u00e3o das informa\u00e7\u00f5es os estudantes selecionados para o Fies no segundo semestre de 2023 ou no primeiro semestre de 2024 e que tiveram a conclus\u00e3o da inscri\u00e7\u00e3o adiada para o segundo semestre de 2024. O acesso \u00e9 por meio de login e senha na conta do portal de servi\u00e7os digitais do governo federal \u2013 gov.br.<\/p>\n\n\n\n<p>Ap\u00f3s a inclus\u00e3o de todas as informa\u00e7\u00f5es, o candidato deve comparecer \u00e0 comiss\u00e3o da institui\u00e7\u00e3o de ensino superior respons\u00e1vel pela an\u00e1lise das informa\u00e7\u00f5es prestadas no ato da inscri\u00e7\u00e3o de ensino para valid\u00e1-las. Depois, devem aguardar at\u00e9 cinco dias contados a partir da data de complementa\u00e7\u00e3o da inscri\u00e7\u00e3o.<\/p>\n\n\n\n<p>Se a inscri\u00e7\u00e3o for validada, em at\u00e9 dez dias, o pr\u00e9-selecionado do Fies precisar\u00e1 comparecer ao banco onde ser\u00e1 contratado o financiamento com a documenta\u00e7\u00e3o exigida. Somente ap\u00f3s a aprova\u00e7\u00e3o pelo agente financeiro, o candidato poder\u00e1 assinar o contrato que vai financiar as mensalidades da faculdade particular.<\/p>\n\n\n\n<p>Caso o aluno apresente qualquer informa\u00e7\u00e3o ou documento falso, ser\u00e1 reprovado no processo seletivo do Fies.<\/p>\n\n\n\n<h2 class=\"wp-block-heading\">O Fies<\/h2>\n\n\n\n<p>O Fundo de Financiamento Estudantil (Fies) \u00e9 um programa do Minist\u00e9rio da Educa\u00e7\u00e3o (MEC), institu\u00eddo pela <a href=\"https:\/\/www.planalto.gov.br\/ccivil_03\/leis\/leis_2001\/L10260compilado.htm\" target=\"_blank\" rel=\"noopener\">Lei n\u00ba 10.260<\/a>, de 12 de julho de 2001. Os candidatos ter\u00e3o direito a financiamentos em cursos superiores n\u00e3o gratuitos, com avalia\u00e7\u00e3o positiva no Sistema Nacional de Avalia\u00e7\u00e3o da Educa\u00e7\u00e3o Superior (Sinaes), divulgado pelo Inep\/MEC, ofertados por institui\u00e7\u00f5es de educa\u00e7\u00e3o superior privadas que participam do programa.<\/p>\n\n\n\n<p>Fonte: <a href=\"https:\/\/brasil61.com\/n\/fies-prazo-para-complementar-inscricao-vai-de-31-de-julho-a-2-de-agosto-bras2412226\" target=\"_blank\" rel=\"noreferrer noopener\">Brasil 61<\/a><\/p>\n<input type=\"hidden\" id=\"baseurl\" value=\"https:\/\/noticiasregionais.com.br\"><input type=\"hidden\" id=\"audio_nonce\" value=\"533fbb67b1\">","protected":false},"excerpt":{"rendered":"<p>Podem participar dessa etapa de inclus\u00e3o das informa\u00e7\u00f5es os estudantes selecionados para o Fies no segundo semestre de 2023 ou&hellip;<\/p>\n","protected":false},"author":1,"featured_media":3424,"comment_status":"closed","ping_status":"open","sticky":false,"template":"","format":"standard","meta":{"sfsi_plus_gutenberg_text_before_share":"","sfsi_plus_gutenberg_show_text_before_share":"","sfsi_plus_gutenberg_icon_type":"","sfsi_plus_gutenberg_icon_alignemt":"","sfsi_plus_gutenburg_max_per_row":"","footnotes":""},"categories":[8,10,1],"tags":[],"class_list":["post-3423","post","type-post","status-publish","format-standard","has-post-thumbnail","hentry","category-brasil","category-destaques","category-noticias"],"_links":{"self":[{"href":"https:\/\/noticiasregionais.com.br\/index.php?rest_route=\/wp\/v2\/posts\/3423","targetHints":{"allow":["GET"]}}],"collection":[{"href":"https:\/\/noticiasregionais.com.br\/index.php?rest_route=\/wp\/v2\/posts"}],"about":[{"href":"https:\/\/noticiasregionais.com.br\/index.php?rest_route=\/wp\/v2\/types\/post"}],"author":[{"embeddable":true,"href":"https:\/\/noticiasregionais.com.br\/index.php?rest_route=\/wp\/v2\/users\/1"}],"replies":[{"embeddable":true,"href":"https:\/\/noticiasregionais.com.br\/index.php?rest_route=%2Fwp%2Fv2%2Fcomments&post=3423"}],"version-history":[{"count":1,"href":"https:\/\/noticiasregionais.com.br\/index.php?rest_route=\/wp\/v2\/posts\/3423\/revisions"}],"predecessor-version":[{"id":3425,"href":"https:\/\/noticiasregionais.com.br\/index.php?rest_route=\/wp\/v2\/posts\/3423\/revisions\/3425"}],"wp:featuredmedia":[{"embeddable":true,"href":"https:\/\/noticiasregionais.com.br\/index.php?rest_route=\/wp\/v2\/media\/3424"}],"wp:attachment":[{"href":"https:\/\/noticiasregionais.com.br\/index.php?rest_route=%2Fwp%2Fv2%2Fmedia&parent=3423"}],"wp:term":[{"taxonomy":"category","embeddable":true,"href":"https:\/\/noticiasregionais.com.br\/index.php?rest_route=%2Fwp%2Fv2%2Fcategories&post=3423"},{"taxonomy":"post_tag","embeddable":true,"href":"https:\/\/noticiasregionais.com.br\/index.php?rest_route=%2Fwp%2Fv2%2Ftags&post=3423"}],"curies":[{"name":"wp","href":"https:\/\/api.w.org\/{rel}","templated":true}]}}