{"id":3432,"date":"2024-07-30T20:31:14","date_gmt":"2024-07-30T23:31:14","guid":{"rendered":"https:\/\/noticiasregionais.com.br\/?p=3432"},"modified":"2024-07-30T20:31:17","modified_gmt":"2024-07-30T23:31:17","slug":"pm-prende-2-por-trafico-de-drogas-e-resgata-aves-silvestres-no-norte-pioneiro","status":"publish","type":"post","link":"https:\/\/noticiasregionais.com.br\/?p=3432","title":{"rendered":"PM prende 2 por tr\u00e1fico de drogas e resgata aves silvestres no Norte Pioneiro"},"content":{"rendered":"\n<p>Na tarde de ontem, a Pol\u00edcia Militar realizou uma opera\u00e7\u00e3o bem-sucedida em Siqueira Campos, resultando na pris\u00e3o de duas pessoas por tr\u00e1fico de drogas e no resgate de aves silvestres em situa\u00e7\u00e3o de maus tratos.<\/p>\n\n\n\n<p>Os policiais militares haviam recebido informa\u00e7\u00f5es sobre um indiv\u00edduo j\u00e1 conhecido pela pr\u00e1tica do tr\u00e1fico de drogas e com hist\u00f3rico criminal. Suspeitava-se que ele estava em posse de uma grande quantidade de entorpecentes. Diante dessas informa\u00e7\u00f5es, os policiais montaram um ponto de observa\u00e7\u00e3o nas proximidades da ch\u00e1cara do suspeito.<\/p>\n\n\n\n<p>Durante a vigil\u00e2ncia, os policiais flagraram o momento exato em que ocorria uma transa\u00e7\u00e3o de drogas. Ao tentarem abordar o comprador, ele conseguiu fugir pela mata. No entanto, na resid\u00eancia, outros dois indiv\u00edduos tentaram escapar, mas foram rapidamente detidos pela pol\u00edcia.<\/p>\n\n\n\n<p>Nas buscas realizadas na propriedade, foram encontradas 19 pedras de crack, embaladas e prontas para comercializa\u00e7\u00e3o, al\u00e9m de uma quantia em dinheiro trocado. Al\u00e9m dos entorpecentes, os policiais encontraram duas aves silvestres presas em gaiolas, sem \u00e1gua e em condi\u00e7\u00f5es de maus tratos, com fezes misturadas na ra\u00e7\u00e3o.<\/p>\n\n\n\n<p>Os dois indiv\u00edduos foram presos em flagrante e encaminhados \u00e0 Delegacia de Pol\u00edcia, junto com os entorpecentes apreendidos. As aves resgatadas foram levadas para receber os cuidados necess\u00e1rios. A a\u00e7\u00e3o reflete o empenho da Pol\u00edcia Militar em combater o tr\u00e1fico de drogas e proteger a fauna silvestre.<\/p>\n<input type=\"hidden\" id=\"baseurl\" value=\"https:\/\/noticiasregionais.com.br\"><input type=\"hidden\" id=\"audio_nonce\" value=\"533fbb67b1\">","protected":false},"excerpt":{"rendered":"<p>Na tarde de ontem, a Pol\u00edcia Militar realizou uma opera\u00e7\u00e3o bem-sucedida em Siqueira Campos, resultando na pris\u00e3o de duas pessoas&hellip;<\/p>\n","protected":false},"author":1,"featured_media":3433,"comment_status":"closed","ping_status":"open","sticky":false,"template":"","format":"standard","meta":{"sfsi_plus_gutenberg_text_before_share":"","sfsi_plus_gutenberg_show_text_before_share":"","sfsi_plus_gutenberg_icon_type":"","sfsi_plus_gutenberg_icon_alignemt":"","sfsi_plus_gutenburg_max_per_row":"","footnotes":""},"categories":[7,10,1],"tags":[],"class_list":["post-3432","post","type-post","status-publish","format-standard","has-post-thumbnail","hentry","category-parana","category-destaques","category-noticias"],"_links":{"self":[{"href":"https:\/\/noticiasregionais.com.br\/index.php?rest_route=\/wp\/v2\/posts\/3432","targetHints":{"allow":["GET"]}}],"collection":[{"href":"https:\/\/noticiasregionais.com.br\/index.php?rest_route=\/wp\/v2\/posts"}],"about":[{"href":"https:\/\/noticiasregionais.com.br\/index.php?rest_route=\/wp\/v2\/types\/post"}],"author":[{"embeddable":true,"href":"https:\/\/noticiasregionais.com.br\/index.php?rest_route=\/wp\/v2\/users\/1"}],"replies":[{"embeddable":true,"href":"https:\/\/noticiasregionais.com.br\/index.php?rest_route=%2Fwp%2Fv2%2Fcomments&post=3432"}],"version-history":[{"count":1,"href":"https:\/\/noticiasregionais.com.br\/index.php?rest_route=\/wp\/v2\/posts\/3432\/revisions"}],"predecessor-version":[{"id":3434,"href":"https:\/\/noticiasregionais.com.br\/index.php?rest_route=\/wp\/v2\/posts\/3432\/revisions\/3434"}],"wp:featuredmedia":[{"embeddable":true,"href":"https:\/\/noticiasregionais.com.br\/index.php?rest_route=\/wp\/v2\/media\/3433"}],"wp:attachment":[{"href":"https:\/\/noticiasregionais.com.br\/index.php?rest_route=%2Fwp%2Fv2%2Fmedia&parent=3432"}],"wp:term":[{"taxonomy":"category","embeddable":true,"href":"https:\/\/noticiasregionais.com.br\/index.php?rest_route=%2Fwp%2Fv2%2Fcategories&post=3432"},{"taxonomy":"post_tag","embeddable":true,"href":"https:\/\/noticiasregionais.com.br\/index.php?rest_route=%2Fwp%2Fv2%2Ftags&post=3432"}],"curies":[{"name":"wp","href":"https:\/\/api.w.org\/{rel}","templated":true}]}}