{"id":3435,"date":"2024-07-30T21:00:40","date_gmt":"2024-07-31T00:00:40","guid":{"rendered":"https:\/\/noticiasregionais.com.br\/?p=3435"},"modified":"2024-07-30T21:00:46","modified_gmt":"2024-07-31T00:00:46","slug":"ministerio-publico-de-ourinhos-arquiva-queixa-de-candidata-do-pdt-que-desistiu-de-concorrer","status":"publish","type":"post","link":"https:\/\/noticiasregionais.com.br\/?p=3435","title":{"rendered":"Minist\u00e9rio P\u00fablico de Ourinhos arquiva queixa de candidata do PDT que desistiu de concorrer"},"content":{"rendered":"\n<p>O Minist\u00e9rio P\u00fablico do Estado de S\u00e3o Paulo, por meio da Promotoria de Justi\u00e7a de Ourinhos, decidiu arquivar a denuncia feita por V\u00e2nia Pereira da Silva, que solicitou a n\u00e3o inclus\u00e3o de seu nome como candidata a vereadora pelo Partido Democr\u00e1tico Trabalhista (PDT).<\/p>\n\n\n\n<p>V\u00e2nia, que havia se lan\u00e7ado como pr\u00e9-candidata e posteriormente desistiu, n\u00e3o comparecendo na conven\u00e7\u00e3o do partido, pediu provid\u00eancias para evitar o registro oficial de sua candidatura. Ap\u00f3s verificar com o cart\u00f3rio da 82\u00aa Zona Eleitoral de Ourinhos, constatou-se que o PDT ainda n\u00e3o havia inscrito V\u00e2nia como candidata.<\/p>\n\n\n\n<p>O Dr. Andr\u00e9 Lu\u00eds Camargo Mello, Presidente da Comiss\u00e3o Municipal do PDT, confirmou que estava ciente da desist\u00eancia e n\u00e3o procederia com a inscri\u00e7\u00e3o da candidata. Diante dessa informa\u00e7\u00e3o, o Minist\u00e9rio P\u00fablico considerou que o pedido de V\u00e2nia foi atendido pelo partido, n\u00e3o sendo necess\u00e1ria a interven\u00e7\u00e3o do \u00f3rg\u00e3o.<\/p>\n\n\n\n<p>O 1\u00ba Promotor de Justi\u00e7a de Ourinhos, Silvio da Silva Brandini, determinou o encerramento do expediente e o arquivamento do caso por perda de objeto, com o envio de c\u00f3pias do despacho para V\u00e2nia e o presidente da comiss\u00e3o do PDT para conhecimento e eventuais provid\u00eancias.<\/p>\n<input type=\"hidden\" id=\"baseurl\" value=\"https:\/\/noticiasregionais.com.br\"><input type=\"hidden\" id=\"audio_nonce\" value=\"533fbb67b1\">","protected":false},"excerpt":{"rendered":"<p>O Minist\u00e9rio P\u00fablico do Estado de S\u00e3o Paulo, por meio da Promotoria de Justi\u00e7a de Ourinhos, decidiu arquivar a denuncia&hellip;<\/p>\n","protected":false},"author":1,"featured_media":3436,"comment_status":"closed","ping_status":"open","sticky":false,"template":"","format":"standard","meta":{"sfsi_plus_gutenberg_text_before_share":"","sfsi_plus_gutenberg_show_text_before_share":"","sfsi_plus_gutenberg_icon_type":"","sfsi_plus_gutenberg_icon_alignemt":"","sfsi_plus_gutenburg_max_per_row":"","footnotes":""},"categories":[12,1,5],"tags":[],"class_list":["post-3435","post","type-post","status-publish","format-standard","has-post-thumbnail","hentry","category-capa","category-noticias","category-ourinhos"],"_links":{"self":[{"href":"https:\/\/noticiasregionais.com.br\/index.php?rest_route=\/wp\/v2\/posts\/3435","targetHints":{"allow":["GET"]}}],"collection":[{"href":"https:\/\/noticiasregionais.com.br\/index.php?rest_route=\/wp\/v2\/posts"}],"about":[{"href":"https:\/\/noticiasregionais.com.br\/index.php?rest_route=\/wp\/v2\/types\/post"}],"author":[{"embeddable":true,"href":"https:\/\/noticiasregionais.com.br\/index.php?rest_route=\/wp\/v2\/users\/1"}],"replies":[{"embeddable":true,"href":"https:\/\/noticiasregionais.com.br\/index.php?rest_route=%2Fwp%2Fv2%2Fcomments&post=3435"}],"version-history":[{"count":1,"href":"https:\/\/noticiasregionais.com.br\/index.php?rest_route=\/wp\/v2\/posts\/3435\/revisions"}],"predecessor-version":[{"id":3437,"href":"https:\/\/noticiasregionais.com.br\/index.php?rest_route=\/wp\/v2\/posts\/3435\/revisions\/3437"}],"wp:featuredmedia":[{"embeddable":true,"href":"https:\/\/noticiasregionais.com.br\/index.php?rest_route=\/wp\/v2\/media\/3436"}],"wp:attachment":[{"href":"https:\/\/noticiasregionais.com.br\/index.php?rest_route=%2Fwp%2Fv2%2Fmedia&parent=3435"}],"wp:term":[{"taxonomy":"category","embeddable":true,"href":"https:\/\/noticiasregionais.com.br\/index.php?rest_route=%2Fwp%2Fv2%2Fcategories&post=3435"},{"taxonomy":"post_tag","embeddable":true,"href":"https:\/\/noticiasregionais.com.br\/index.php?rest_route=%2Fwp%2Fv2%2Ftags&post=3435"}],"curies":[{"name":"wp","href":"https:\/\/api.w.org\/{rel}","templated":true}]}}