{"id":3441,"date":"2024-08-01T19:23:39","date_gmt":"2024-08-01T22:23:39","guid":{"rendered":"https:\/\/noticiasregionais.com.br\/?p=3441"},"modified":"2024-08-01T19:27:33","modified_gmt":"2024-08-01T22:27:33","slug":"parque-centenario-de-ourinhos-um-paraiso-abandonado-por-pocay-e-sua-gestao","status":"publish","type":"post","link":"https:\/\/noticiasregionais.com.br\/?p=3441","title":{"rendered":"Parque Centen\u00e1rio de Ourinhos: O abandono de Pocay e sua gest\u00e3o atingiram a \u00e1rea nobre?"},"content":{"rendered":"\n<p><strong>Ourinhos, SP \u2013<\/strong> Inaugurado em 2019 com grande expectativa, o Parque Centen\u00e1rio &#8220;Dr. Odayr Alves da Silva&#8221; prometia ser um o\u00e1sis verde para os moradores de Ourinhos. No entanto, a realidade atual \u00e9 bem diferente daquela projetada inicialmente.<\/p>\n\n\n\n<p>Segundo relatos e imagens amplamente compartilhados em redes sociais e grupos da popula\u00e7\u00e3o de Ourinhos, o parque encontra-se em estado de abandono. O principal atrativo do local, o lago, que antes era um cart\u00e3o-postal da cidade, hoje se apresenta como um corpo d&#8217;\u00e1gua esverdeado e polu\u00eddo, com prolifera\u00e7\u00e3o de algas t\u00f3xicas e ind\u00edcios de contamina\u00e7\u00e3o por esgoto. Essa situa\u00e7\u00e3o, j\u00e1 denunciada em 2023, parece ter se agravado nos \u00faltimos meses, colocando em risco a vida aqu\u00e1tica e comprometendo o meio ambiente.<\/p>\n\n\n\n<p>Al\u00e9m da polui\u00e7\u00e3o do lago, o parque apresenta outras infraestruturas deterioradas. O cal\u00e7amento ao redor do lago est\u00e1 danificado, oferecendo riscos aos visitantes. A academia ao ar livre, com equipamentos enferrujados e quebrados, tamb\u00e9m reflete o estado de abandono do local.<\/p>\n\n\n\n<p>A falta de manuten\u00e7\u00e3o e investimentos contrasta com os ambiciosos planos da prefeitura, que havia anunciado a inten\u00e7\u00e3o de ampliar o lago e construir novas estruturas no parque. No entanto, o processo licitat\u00f3rio para essas obras foi suspenso em 2023, devido a questionamentos e impugna\u00e7\u00f5es.<\/p>\n\n\n\n<p>A comunidade local questiona a prioridade da prefeitura em expandir o parque antes de resolver os problemas existentes. Afinal, de que adiantaria um lago maior se a \u00e1gua est\u00e1 contaminada e o parque se encontra em condi\u00e7\u00f5es prec\u00e1rias? A popula\u00e7\u00e3o local anseia por a\u00e7\u00f5es efetivas da prefeitura para recuperar o Parque Centen\u00e1rio e transform\u00e1-lo em um espa\u00e7o agrad\u00e1vel e seguro para todos.<\/p>\n\n\n\n<p>O Parque Centen\u00e1rio, que deveria ser um motivo de orgulho para Ourinhos, tornou-se um s\u00edmbolo do descaso com o meio ambiente e com o patrim\u00f4nio p\u00fablico. \u00c9 urgente que a prefeitura tome medidas para reverter essa situa\u00e7\u00e3o e garantir a preserva\u00e7\u00e3o desse importante espa\u00e7o verde para as futuras gera\u00e7\u00f5es.<\/p>\n\n\n\n<figure class=\"wp-block-gallery has-nested-images columns-5 is-cropped wp-block-gallery-1 is-layout-flex wp-block-gallery-is-layout-flex\">\n<figure class=\"wp-block-image size-large\"><a href=\"https:\/\/noticiasregionais.com.br\/wp-content\/uploads\/2024\/08\/WhatsApp-Image-2024-08-01-at-13.15.23-1.jpeg\"><img decoding=\"async\" width=\"460\" height=\"1024\" data-id=\"3446\" src=\"https:\/\/noticiasregionais.com.br\/wp-content\/uploads\/2024\/08\/WhatsApp-Image-2024-08-01-at-13.15.23-1-460x1024.jpeg\" alt=\"\" class=\"wp-image-3446\" srcset=\"https:\/\/noticiasregionais.com.br\/wp-content\/uploads\/2024\/08\/WhatsApp-Image-2024-08-01-at-13.15.23-1-460x1024.jpeg 460w, https:\/\/noticiasregionais.com.br\/wp-content\/uploads\/2024\/08\/WhatsApp-Image-2024-08-01-at-13.15.23-1-135x300.jpeg 135w, https:\/\/noticiasregionais.com.br\/wp-content\/uploads\/2024\/08\/WhatsApp-Image-2024-08-01-at-13.15.23-1-690x1536.jpeg 690w, https:\/\/noticiasregionais.com.br\/wp-content\/uploads\/2024\/08\/WhatsApp-Image-2024-08-01-at-13.15.23-1.jpeg 719w\" sizes=\"(max-width: 460px) 100vw, 460px\" \/><\/a><\/figure>\n\n\n\n<figure class=\"wp-block-image size-large\"><a href=\"https:\/\/noticiasregionais.com.br\/wp-content\/uploads\/2024\/08\/WhatsApp-Image-2024-08-01-at-13.15.23.jpeg\"><img decoding=\"async\" width=\"460\" height=\"1024\" data-id=\"3448\" src=\"https:\/\/noticiasregionais.com.br\/wp-content\/uploads\/2024\/08\/WhatsApp-Image-2024-08-01-at-13.15.23-460x1024.jpeg\" alt=\"\" class=\"wp-image-3448\" srcset=\"https:\/\/noticiasregionais.com.br\/wp-content\/uploads\/2024\/08\/WhatsApp-Image-2024-08-01-at-13.15.23-460x1024.jpeg 460w, https:\/\/noticiasregionais.com.br\/wp-content\/uploads\/2024\/08\/WhatsApp-Image-2024-08-01-at-13.15.23-135x300.jpeg 135w, https:\/\/noticiasregionais.com.br\/wp-content\/uploads\/2024\/08\/WhatsApp-Image-2024-08-01-at-13.15.23-690x1536.jpeg 690w, https:\/\/noticiasregionais.com.br\/wp-content\/uploads\/2024\/08\/WhatsApp-Image-2024-08-01-at-13.15.23.jpeg 719w\" sizes=\"(max-width: 460px) 100vw, 460px\" \/><\/a><\/figure>\n\n\n\n<figure class=\"wp-block-image size-large\"><a href=\"https:\/\/noticiasregionais.com.br\/wp-content\/uploads\/2024\/08\/WhatsApp-Image-2024-08-01-at-13.15.22-3.jpeg\"><img decoding=\"async\" width=\"460\" height=\"1024\" data-id=\"3442\" src=\"https:\/\/noticiasregionais.com.br\/wp-content\/uploads\/2024\/08\/WhatsApp-Image-2024-08-01-at-13.15.22-3-460x1024.jpeg\" alt=\"\" class=\"wp-image-3442\" srcset=\"https:\/\/noticiasregionais.com.br\/wp-content\/uploads\/2024\/08\/WhatsApp-Image-2024-08-01-at-13.15.22-3-460x1024.jpeg 460w, https:\/\/noticiasregionais.com.br\/wp-content\/uploads\/2024\/08\/WhatsApp-Image-2024-08-01-at-13.15.22-3-135x300.jpeg 135w, https:\/\/noticiasregionais.com.br\/wp-content\/uploads\/2024\/08\/WhatsApp-Image-2024-08-01-at-13.15.22-3-690x1536.jpeg 690w, https:\/\/noticiasregionais.com.br\/wp-content\/uploads\/2024\/08\/WhatsApp-Image-2024-08-01-at-13.15.22-3.jpeg 719w\" sizes=\"(max-width: 460px) 100vw, 460px\" \/><\/a><\/figure>\n\n\n\n<figure class=\"wp-block-image size-large\"><a href=\"https:\/\/noticiasregionais.com.br\/wp-content\/uploads\/2024\/08\/WhatsApp-Image-2024-08-01-at-13.15.22-2.jpeg\"><img decoding=\"async\" width=\"460\" height=\"1024\" data-id=\"3444\" src=\"https:\/\/noticiasregionais.com.br\/wp-content\/uploads\/2024\/08\/WhatsApp-Image-2024-08-01-at-13.15.22-2-460x1024.jpeg\" alt=\"\" class=\"wp-image-3444\" srcset=\"https:\/\/noticiasregionais.com.br\/wp-content\/uploads\/2024\/08\/WhatsApp-Image-2024-08-01-at-13.15.22-2-460x1024.jpeg 460w, https:\/\/noticiasregionais.com.br\/wp-content\/uploads\/2024\/08\/WhatsApp-Image-2024-08-01-at-13.15.22-2-135x300.jpeg 135w, https:\/\/noticiasregionais.com.br\/wp-content\/uploads\/2024\/08\/WhatsApp-Image-2024-08-01-at-13.15.22-2-690x1536.jpeg 690w, https:\/\/noticiasregionais.com.br\/wp-content\/uploads\/2024\/08\/WhatsApp-Image-2024-08-01-at-13.15.22-2.jpeg 719w\" sizes=\"(max-width: 460px) 100vw, 460px\" \/><\/a><\/figure>\n\n\n\n<figure class=\"wp-block-image size-large\"><a href=\"https:\/\/noticiasregionais.com.br\/wp-content\/uploads\/2024\/08\/WhatsApp-Image-2024-08-01-at-13.15.22-1.jpeg\"><img decoding=\"async\" width=\"460\" height=\"1024\" data-id=\"3443\" src=\"https:\/\/noticiasregionais.com.br\/wp-content\/uploads\/2024\/08\/WhatsApp-Image-2024-08-01-at-13.15.22-1-460x1024.jpeg\" alt=\"\" class=\"wp-image-3443\" srcset=\"https:\/\/noticiasregionais.com.br\/wp-content\/uploads\/2024\/08\/WhatsApp-Image-2024-08-01-at-13.15.22-1-460x1024.jpeg 460w, https:\/\/noticiasregionais.com.br\/wp-content\/uploads\/2024\/08\/WhatsApp-Image-2024-08-01-at-13.15.22-1-135x300.jpeg 135w, https:\/\/noticiasregionais.com.br\/wp-content\/uploads\/2024\/08\/WhatsApp-Image-2024-08-01-at-13.15.22-1-690x1536.jpeg 690w, https:\/\/noticiasregionais.com.br\/wp-content\/uploads\/2024\/08\/WhatsApp-Image-2024-08-01-at-13.15.22-1.jpeg 719w\" sizes=\"(max-width: 460px) 100vw, 460px\" \/><\/a><\/figure>\n\n\n\n<figure class=\"wp-block-image size-large\"><a href=\"https:\/\/noticiasregionais.com.br\/wp-content\/uploads\/2024\/08\/WhatsApp-Image-2024-08-01-at-13.15.22.jpeg\"><img decoding=\"async\" width=\"460\" height=\"1024\" data-id=\"3451\" src=\"https:\/\/noticiasregionais.com.br\/wp-content\/uploads\/2024\/08\/WhatsApp-Image-2024-08-01-at-13.15.22-460x1024.jpeg\" alt=\"\" class=\"wp-image-3451\" srcset=\"https:\/\/noticiasregionais.com.br\/wp-content\/uploads\/2024\/08\/WhatsApp-Image-2024-08-01-at-13.15.22-460x1024.jpeg 460w, https:\/\/noticiasregionais.com.br\/wp-content\/uploads\/2024\/08\/WhatsApp-Image-2024-08-01-at-13.15.22-135x300.jpeg 135w, https:\/\/noticiasregionais.com.br\/wp-content\/uploads\/2024\/08\/WhatsApp-Image-2024-08-01-at-13.15.22-690x1536.jpeg 690w, https:\/\/noticiasregionais.com.br\/wp-content\/uploads\/2024\/08\/WhatsApp-Image-2024-08-01-at-13.15.22.jpeg 719w\" sizes=\"(max-width: 460px) 100vw, 460px\" \/><\/a><\/figure>\n\n\n\n<figure class=\"wp-block-image size-large\"><a href=\"https:\/\/noticiasregionais.com.br\/wp-content\/uploads\/2024\/08\/WhatsApp-Image-2024-08-01-at-13.15.21.jpeg\"><img decoding=\"async\" width=\"460\" height=\"1024\" data-id=\"3449\" src=\"https:\/\/noticiasregionais.com.br\/wp-content\/uploads\/2024\/08\/WhatsApp-Image-2024-08-01-at-13.15.21-460x1024.jpeg\" alt=\"\" class=\"wp-image-3449\" srcset=\"https:\/\/noticiasregionais.com.br\/wp-content\/uploads\/2024\/08\/WhatsApp-Image-2024-08-01-at-13.15.21-460x1024.jpeg 460w, https:\/\/noticiasregionais.com.br\/wp-content\/uploads\/2024\/08\/WhatsApp-Image-2024-08-01-at-13.15.21-135x300.jpeg 135w, https:\/\/noticiasregionais.com.br\/wp-content\/uploads\/2024\/08\/WhatsApp-Image-2024-08-01-at-13.15.21-690x1536.jpeg 690w, https:\/\/noticiasregionais.com.br\/wp-content\/uploads\/2024\/08\/WhatsApp-Image-2024-08-01-at-13.15.21.jpeg 719w\" sizes=\"(max-width: 460px) 100vw, 460px\" \/><\/a><\/figure>\n\n\n\n<figure class=\"wp-block-image size-large\"><a href=\"https:\/\/noticiasregionais.com.br\/wp-content\/uploads\/2024\/08\/WhatsApp-Image-2024-08-01-at-10.37.42.jpeg\"><img decoding=\"async\" width=\"460\" height=\"1024\" data-id=\"3445\" src=\"https:\/\/noticiasregionais.com.br\/wp-content\/uploads\/2024\/08\/WhatsApp-Image-2024-08-01-at-10.37.42-460x1024.jpeg\" alt=\"\" class=\"wp-image-3445\" srcset=\"https:\/\/noticiasregionais.com.br\/wp-content\/uploads\/2024\/08\/WhatsApp-Image-2024-08-01-at-10.37.42-460x1024.jpeg 460w, https:\/\/noticiasregionais.com.br\/wp-content\/uploads\/2024\/08\/WhatsApp-Image-2024-08-01-at-10.37.42-135x300.jpeg 135w, https:\/\/noticiasregionais.com.br\/wp-content\/uploads\/2024\/08\/WhatsApp-Image-2024-08-01-at-10.37.42-690x1536.jpeg 690w, https:\/\/noticiasregionais.com.br\/wp-content\/uploads\/2024\/08\/WhatsApp-Image-2024-08-01-at-10.37.42.jpeg 719w\" sizes=\"(max-width: 460px) 100vw, 460px\" \/><\/a><\/figure>\n\n\n\n<figure class=\"wp-block-image size-large\"><a href=\"https:\/\/noticiasregionais.com.br\/wp-content\/uploads\/2024\/08\/WhatsApp-Image-2024-08-01-at-10.37.47-1.jpeg\"><img decoding=\"async\" width=\"460\" height=\"1024\" data-id=\"3450\" src=\"https:\/\/noticiasregionais.com.br\/wp-content\/uploads\/2024\/08\/WhatsApp-Image-2024-08-01-at-10.37.47-1-460x1024.jpeg\" alt=\"\" class=\"wp-image-3450\" srcset=\"https:\/\/noticiasregionais.com.br\/wp-content\/uploads\/2024\/08\/WhatsApp-Image-2024-08-01-at-10.37.47-1-460x1024.jpeg 460w, https:\/\/noticiasregionais.com.br\/wp-content\/uploads\/2024\/08\/WhatsApp-Image-2024-08-01-at-10.37.47-1-135x300.jpeg 135w, https:\/\/noticiasregionais.com.br\/wp-content\/uploads\/2024\/08\/WhatsApp-Image-2024-08-01-at-10.37.47-1-690x1536.jpeg 690w, https:\/\/noticiasregionais.com.br\/wp-content\/uploads\/2024\/08\/WhatsApp-Image-2024-08-01-at-10.37.47-1.jpeg 719w\" sizes=\"(max-width: 460px) 100vw, 460px\" \/><\/a><\/figure>\n\n\n\n<figure class=\"wp-block-image size-large\"><a href=\"https:\/\/noticiasregionais.com.br\/wp-content\/uploads\/2024\/08\/WhatsApp-Image-2024-08-01-at-10.37.47.jpeg\"><img decoding=\"async\" width=\"460\" height=\"1024\" data-id=\"3447\" src=\"https:\/\/noticiasregionais.com.br\/wp-content\/uploads\/2024\/08\/WhatsApp-Image-2024-08-01-at-10.37.47-460x1024.jpeg\" alt=\"\" class=\"wp-image-3447\" srcset=\"https:\/\/noticiasregionais.com.br\/wp-content\/uploads\/2024\/08\/WhatsApp-Image-2024-08-01-at-10.37.47-460x1024.jpeg 460w, https:\/\/noticiasregionais.com.br\/wp-content\/uploads\/2024\/08\/WhatsApp-Image-2024-08-01-at-10.37.47-135x300.jpeg 135w, https:\/\/noticiasregionais.com.br\/wp-content\/uploads\/2024\/08\/WhatsApp-Image-2024-08-01-at-10.37.47-690x1536.jpeg 690w, https:\/\/noticiasregionais.com.br\/wp-content\/uploads\/2024\/08\/WhatsApp-Image-2024-08-01-at-10.37.47.jpeg 719w\" sizes=\"(max-width: 460px) 100vw, 460px\" \/><\/a><\/figure>\n<\/figure>\n<input type=\"hidden\" id=\"baseurl\" value=\"https:\/\/noticiasregionais.com.br\"><input type=\"hidden\" id=\"audio_nonce\" value=\"5c13e0637f\">","protected":false},"excerpt":{"rendered":"<p>Ourinhos, SP \u2013 Inaugurado em 2019 com grande expectativa, o Parque Centen\u00e1rio &#8220;Dr. Odayr Alves da Silva&#8221; prometia ser um&hellip;<\/p>\n","protected":false},"author":1,"featured_media":3452,"comment_status":"closed","ping_status":"open","sticky":false,"template":"","format":"standard","meta":{"sfsi_plus_gutenberg_text_before_share":"","sfsi_plus_gutenberg_show_text_before_share":"","sfsi_plus_gutenberg_icon_type":"","sfsi_plus_gutenberg_icon_alignemt":"","sfsi_plus_gutenburg_max_per_row":"","footnotes":""},"categories":[5,12,1],"tags":[],"class_list":["post-3441","post","type-post","status-publish","format-standard","has-post-thumbnail","hentry","category-ourinhos","category-capa","category-noticias"],"_links":{"self":[{"href":"https:\/\/noticiasregionais.com.br\/index.php?rest_route=\/wp\/v2\/posts\/3441","targetHints":{"allow":["GET"]}}],"collection":[{"href":"https:\/\/noticiasregionais.com.br\/index.php?rest_route=\/wp\/v2\/posts"}],"about":[{"href":"https:\/\/noticiasregionais.com.br\/index.php?rest_route=\/wp\/v2\/types\/post"}],"author":[{"embeddable":true,"href":"https:\/\/noticiasregionais.com.br\/index.php?rest_route=\/wp\/v2\/users\/1"}],"replies":[{"embeddable":true,"href":"https:\/\/noticiasregionais.com.br\/index.php?rest_route=%2Fwp%2Fv2%2Fcomments&post=3441"}],"version-history":[{"count":2,"href":"https:\/\/noticiasregionais.com.br\/index.php?rest_route=\/wp\/v2\/posts\/3441\/revisions"}],"predecessor-version":[{"id":3455,"href":"https:\/\/noticiasregionais.com.br\/index.php?rest_route=\/wp\/v2\/posts\/3441\/revisions\/3455"}],"wp:featuredmedia":[{"embeddable":true,"href":"https:\/\/noticiasregionais.com.br\/index.php?rest_route=\/wp\/v2\/media\/3452"}],"wp:attachment":[{"href":"https:\/\/noticiasregionais.com.br\/index.php?rest_route=%2Fwp%2Fv2%2Fmedia&parent=3441"}],"wp:term":[{"taxonomy":"category","embeddable":true,"href":"https:\/\/noticiasregionais.com.br\/index.php?rest_route=%2Fwp%2Fv2%2Fcategories&post=3441"},{"taxonomy":"post_tag","embeddable":true,"href":"https:\/\/noticiasregionais.com.br\/index.php?rest_route=%2Fwp%2Fv2%2Ftags&post=3441"}],"curies":[{"name":"wp","href":"https:\/\/api.w.org\/{rel}","templated":true}]}}