{"id":3456,"date":"2024-08-02T08:25:44","date_gmt":"2024-08-02T11:25:44","guid":{"rendered":"https:\/\/noticiasregionais.com.br\/?p=3456"},"modified":"2024-08-02T08:25:55","modified_gmt":"2024-08-02T11:25:55","slug":"pm-prende-membro-de-faccao-criminosa-e-sua-companheira-com-drogas-e-arma-em-jacarezinho","status":"publish","type":"post","link":"https:\/\/noticiasregionais.com.br\/?p=3456","title":{"rendered":"PM prende membro de fac\u00e7\u00e3o criminosa e sua companheira com drogas e arma em Jacarezinho"},"content":{"rendered":"\n<p>Em uma opera\u00e7\u00e3o realizada na manh\u00e3 desta quinta-feira, 1\u00ba de agosto de 2024, a Pol\u00edcia Militar prendeu um homem de 32 anos e uma mulher de 23 anos na Rua Igua\u00e7u, Vila Maria, ap\u00f3s o cumprimento de um mandado judicial. O casal \u00e9 suspeito de envolvimento com o tr\u00e1fico de drogas e associa\u00e7\u00f5es criminosas na regi\u00e3o.<\/p>\n\n\n\n<p>As autoridades receberam diversas den\u00fancias apontando que o casal estava envolvido no com\u00e9rcio de entorpecentes no munic\u00edpio e que o homem tinha liga\u00e7\u00e3o com uma fac\u00e7\u00e3o criminosa. Informa\u00e7\u00f5es adicionais indicaram que ele e seus comparsas estariam planejando o homic\u00eddio de um terceiro integrante da fac\u00e7\u00e3o, devido a uma d\u00edvida n\u00e3o quitada com o grupo criminoso.<\/p>\n\n\n\n<p>Munidos dessas informa\u00e7\u00f5es e com um mandado de busca e apreens\u00e3o expedido pela justi\u00e7a, os policiais se dirigiram \u00e0 resid\u00eancia do casal. Durante a busca, foram encontrados uma carabina gauge 12 com uma muni\u00e7\u00e3o, uma sacola contendo uma grande quantidade de maconha, duas por\u00e7\u00f5es de coca\u00edna prontas para a venda, e R$53,00 em c\u00e9dulas trocadas. Al\u00e9m disso, foram apreendidas tr\u00eas correntes de prata e um aparelho celular com a foto de uma pessoa desconhecida, que possivelmente seriam objetos deixados como pagamento por drogas.<\/p>\n\n\n\n<p>O homem e a mulher receberam voz de pris\u00e3o no local e foram levados \u00e0 Delegacia de Pol\u00edcia, juntamente com as drogas, a arma de fogo e os demais objetos apreendidos. Eles agora est\u00e3o \u00e0 disposi\u00e7\u00e3o da autoridade policial para as provid\u00eancias cab\u00edveis.<\/p>\n\n\n\n<figure class=\"wp-block-image size-large\"><img decoding=\"async\" width=\"1024\" height=\"543\" src=\"https:\/\/noticiasregionais.com.br\/wp-content\/uploads\/2024\/08\/WhatsApp-Image-2024-08-01-at-11.33.33-1024x543.jpeg\" alt=\"\" class=\"wp-image-3457\" srcset=\"https:\/\/noticiasregionais.com.br\/wp-content\/uploads\/2024\/08\/WhatsApp-Image-2024-08-01-at-11.33.33-1024x543.jpeg 1024w, https:\/\/noticiasregionais.com.br\/wp-content\/uploads\/2024\/08\/WhatsApp-Image-2024-08-01-at-11.33.33-300x159.jpeg 300w, https:\/\/noticiasregionais.com.br\/wp-content\/uploads\/2024\/08\/WhatsApp-Image-2024-08-01-at-11.33.33-768x407.jpeg 768w, https:\/\/noticiasregionais.com.br\/wp-content\/uploads\/2024\/08\/WhatsApp-Image-2024-08-01-at-11.33.33-1536x815.jpeg 1536w, https:\/\/noticiasregionais.com.br\/wp-content\/uploads\/2024\/08\/WhatsApp-Image-2024-08-01-at-11.33.33-2048x1086.jpeg 2048w\" sizes=\"(max-width: 1024px) 100vw, 1024px\" \/><\/figure>\n<input type=\"hidden\" id=\"baseurl\" value=\"https:\/\/noticiasregionais.com.br\"><input type=\"hidden\" id=\"audio_nonce\" value=\"533fbb67b1\">","protected":false},"excerpt":{"rendered":"<p>Em uma opera\u00e7\u00e3o realizada na manh\u00e3 desta quinta-feira, 1\u00ba de agosto de 2024, a Pol\u00edcia Militar prendeu um homem de&hellip;<\/p>\n","protected":false},"author":1,"featured_media":3458,"comment_status":"closed","ping_status":"open","sticky":false,"template":"","format":"standard","meta":{"sfsi_plus_gutenberg_text_before_share":"","sfsi_plus_gutenberg_show_text_before_share":"","sfsi_plus_gutenberg_icon_type":"","sfsi_plus_gutenberg_icon_alignemt":"","sfsi_plus_gutenburg_max_per_row":"","footnotes":""},"categories":[7,10,1],"tags":[],"class_list":["post-3456","post","type-post","status-publish","format-standard","has-post-thumbnail","hentry","category-parana","category-destaques","category-noticias"],"_links":{"self":[{"href":"https:\/\/noticiasregionais.com.br\/index.php?rest_route=\/wp\/v2\/posts\/3456","targetHints":{"allow":["GET"]}}],"collection":[{"href":"https:\/\/noticiasregionais.com.br\/index.php?rest_route=\/wp\/v2\/posts"}],"about":[{"href":"https:\/\/noticiasregionais.com.br\/index.php?rest_route=\/wp\/v2\/types\/post"}],"author":[{"embeddable":true,"href":"https:\/\/noticiasregionais.com.br\/index.php?rest_route=\/wp\/v2\/users\/1"}],"replies":[{"embeddable":true,"href":"https:\/\/noticiasregionais.com.br\/index.php?rest_route=%2Fwp%2Fv2%2Fcomments&post=3456"}],"version-history":[{"count":1,"href":"https:\/\/noticiasregionais.com.br\/index.php?rest_route=\/wp\/v2\/posts\/3456\/revisions"}],"predecessor-version":[{"id":3459,"href":"https:\/\/noticiasregionais.com.br\/index.php?rest_route=\/wp\/v2\/posts\/3456\/revisions\/3459"}],"wp:featuredmedia":[{"embeddable":true,"href":"https:\/\/noticiasregionais.com.br\/index.php?rest_route=\/wp\/v2\/media\/3458"}],"wp:attachment":[{"href":"https:\/\/noticiasregionais.com.br\/index.php?rest_route=%2Fwp%2Fv2%2Fmedia&parent=3456"}],"wp:term":[{"taxonomy":"category","embeddable":true,"href":"https:\/\/noticiasregionais.com.br\/index.php?rest_route=%2Fwp%2Fv2%2Fcategories&post=3456"},{"taxonomy":"post_tag","embeddable":true,"href":"https:\/\/noticiasregionais.com.br\/index.php?rest_route=%2Fwp%2Fv2%2Ftags&post=3456"}],"curies":[{"name":"wp","href":"https:\/\/api.w.org\/{rel}","templated":true}]}}