{"id":3460,"date":"2024-08-02T08:59:59","date_gmt":"2024-08-02T11:59:59","guid":{"rendered":"https:\/\/noticiasregionais.com.br\/?p=3460"},"modified":"2024-08-02T09:00:11","modified_gmt":"2024-08-02T12:00:11","slug":"pipas-sp-registra-aumento-de-139-nos-atendimentos-ambulatoriais-por-acidentes","status":"publish","type":"post","link":"https:\/\/noticiasregionais.com.br\/?p=3460","title":{"rendered":"Pipas: SP registra aumento de 139% nos atendimentos ambulatoriais por acidentes"},"content":{"rendered":"\n<p class=\"has-text-align-center\"><strong>Linhas de cerol em pipas s\u00e3o proibidas por lei e trazem riscos de cortes profundos, problemas na rede el\u00e9trica e podem levar a morte<\/strong><\/p>\n\n\n\n<p>A Secretaria de Estado da Sa\u00fade de S\u00e3o Paulo (SES-SP) alerta para o perigo do cerol utilizado nas pipas, que p\u00f5e em risco principalmente motoqueiros, ciclistas e pedestres. O artefato, feito de cola e vidro mo\u00eddo, \u00e9 praticamente invis\u00edvel a olho nu e pode causar ferimentos e cortes profundos, resultando at\u00e9 mesmo em mortes.<\/p>\n\n\n\n<p>No estado, entre janeiro e maio de 2023, foram registrados 555 atendimentos ambulatoriais por objetos cortantes. No mesmo per\u00edodo deste ano, o n\u00famero aumentou para 1.326, representando um crescimento de 139%.<\/p>\n\n\n\n<p>O perigo costuma atingir tamb\u00e9m as crian\u00e7as, que por vezes est\u00e3o expostas brincando na rua e podem n\u00e3o perceber a linha, ou ao identificar uma pipa enroscada em rede el\u00e9trica, podem tentar se aproximar para retir\u00e1-la causando les\u00f5es por queimadura el\u00e9trica.<\/p>\n\n\n\n<p>De acordo com o coordenador da equipe de cirurgia geral do Hospital Geral de Guarulhos (HGG), Eduardo Benedetti, o per\u00edodo de f\u00e9rias escolares requer maior aten\u00e7\u00e3o e orienta\u00e7\u00e3o de pais, alertando sobre a n\u00e3o utiliza\u00e7\u00e3o desses artefatos, visando evitar tais incidentes.<\/p>\n\n\n\n<p>Para motoqueiros, quando atingidos pelo cerol, com influ\u00eancia da velocidade do vento e do deslocamento, o ferimento pode ser ainda mais grave e profundo. S\u00e3o in\u00fameros os riscos, como hemorragia, ao lesionar vasos importantes; insufici\u00eancia respirat\u00f3ria aguda, ao lesionar a traqueia; e cegueira, quando ocorre o trauma ocular.<\/p>\n\n\n\n<p>O especialista tamb\u00e9m alerta para demais ferimentos nas regi\u00f5es cervicais e em outras partes do corpo. \u201cPode haver mutila\u00e7\u00f5es, amputa\u00e7\u00f5es, al\u00e9m de les\u00f5es vasculares, levando inclusive ao \u00f3bito\u201d, afirma.<\/p>\n\n\n\n<p>T\u00e3o perigosa quanto o cerol, \u00e9 a linha chilena, tamb\u00e9m utilizada erroneamente para soltar pipas. O artefato leva \u00e0 sua composi\u00e7\u00e3o \u00f3xido de alum\u00ednio e p\u00f3 de quartzo, subst\u00e2ncias altamente cortantes. A pr\u00e1tica, al\u00e9m de trazer o risco de cortes profundos, pode induzir choques, curto-circuitos e danificar a fia\u00e7\u00e3o se entrar em contato com redes el\u00e9tricas.<\/p>\n\n\n\n<p>Vale ressaltar que o cerol e demais linhas cortantes s\u00e3o proibidas no estado conforme a Lei 17.201\/2019 que pro\u00edbe o uso, a fabrica\u00e7\u00e3o e a comercializa\u00e7\u00e3o do produto. A lei visa proteger a popula\u00e7\u00e3o e evitar acidentes.<\/p>\n<input type=\"hidden\" id=\"baseurl\" value=\"https:\/\/noticiasregionais.com.br\"><input type=\"hidden\" id=\"audio_nonce\" value=\"533fbb67b1\">","protected":false},"excerpt":{"rendered":"<p>Linhas de cerol em pipas s\u00e3o proibidas por lei e trazem riscos de cortes profundos, problemas na rede el\u00e9trica e&hellip;<\/p>\n","protected":false},"author":1,"featured_media":3461,"comment_status":"closed","ping_status":"open","sticky":false,"template":"","format":"standard","meta":{"sfsi_plus_gutenberg_text_before_share":"","sfsi_plus_gutenberg_show_text_before_share":"","sfsi_plus_gutenberg_icon_type":"","sfsi_plus_gutenberg_icon_alignemt":"","sfsi_plus_gutenburg_max_per_row":"","footnotes":""},"categories":[6,10,1],"tags":[],"class_list":["post-3460","post","type-post","status-publish","format-standard","has-post-thumbnail","hentry","category-sao_paulo","category-destaques","category-noticias"],"_links":{"self":[{"href":"https:\/\/noticiasregionais.com.br\/index.php?rest_route=\/wp\/v2\/posts\/3460","targetHints":{"allow":["GET"]}}],"collection":[{"href":"https:\/\/noticiasregionais.com.br\/index.php?rest_route=\/wp\/v2\/posts"}],"about":[{"href":"https:\/\/noticiasregionais.com.br\/index.php?rest_route=\/wp\/v2\/types\/post"}],"author":[{"embeddable":true,"href":"https:\/\/noticiasregionais.com.br\/index.php?rest_route=\/wp\/v2\/users\/1"}],"replies":[{"embeddable":true,"href":"https:\/\/noticiasregionais.com.br\/index.php?rest_route=%2Fwp%2Fv2%2Fcomments&post=3460"}],"version-history":[{"count":1,"href":"https:\/\/noticiasregionais.com.br\/index.php?rest_route=\/wp\/v2\/posts\/3460\/revisions"}],"predecessor-version":[{"id":3462,"href":"https:\/\/noticiasregionais.com.br\/index.php?rest_route=\/wp\/v2\/posts\/3460\/revisions\/3462"}],"wp:featuredmedia":[{"embeddable":true,"href":"https:\/\/noticiasregionais.com.br\/index.php?rest_route=\/wp\/v2\/media\/3461"}],"wp:attachment":[{"href":"https:\/\/noticiasregionais.com.br\/index.php?rest_route=%2Fwp%2Fv2%2Fmedia&parent=3460"}],"wp:term":[{"taxonomy":"category","embeddable":true,"href":"https:\/\/noticiasregionais.com.br\/index.php?rest_route=%2Fwp%2Fv2%2Fcategories&post=3460"},{"taxonomy":"post_tag","embeddable":true,"href":"https:\/\/noticiasregionais.com.br\/index.php?rest_route=%2Fwp%2Fv2%2Ftags&post=3460"}],"curies":[{"name":"wp","href":"https:\/\/api.w.org\/{rel}","templated":true}]}}