{"id":3466,"date":"2024-08-05T20:45:40","date_gmt":"2024-08-05T23:45:40","guid":{"rendered":"https:\/\/noticiasregionais.com.br\/?p=3466"},"modified":"2024-08-05T20:45:44","modified_gmt":"2024-08-05T23:45:44","slug":"baep-registra-ocorrencia-de-porte-ilegal-de-arma-de-fogo-de-uso-restrito","status":"publish","type":"post","link":"https:\/\/noticiasregionais.com.br\/?p=3466","title":{"rendered":"BAEP registra ocorr\u00eancia de Porte Ilegal de Arma de Fogo de Uso Restrito"},"content":{"rendered":"\n<p>Durante patrulhamento especial, policiais do 13\u00b0 BAEP avistaram dois indiv\u00edduos em uma pra\u00e7a p\u00fablica, um deles com um volume suspeito na cintura. Ao perceberem a aproxima\u00e7\u00e3o da viatura, os suspeitos embarcaram rapidamente em um Fiat Palio vermelho e tentaram fugir, mas foram interceptados.<\/p>\n\n\n\n<p>Na abordagem, verificou-se que um dos homens tinha antecedentes por roubo e o outro por tr\u00e1fico de drogas. Na busca pessoal, nada il\u00edcito foi encontrado, mas durante a vistoria no ve\u00edculo, os policiais encontraram uma arma de fogo calibre 7.65 da marca Taurus, com numera\u00e7\u00e3o suprimida e municiada com tr\u00eas cartuchos intactos, sob o assento do passageiro.<\/p>\n\n\n\n<p>Os suspeitos e a arma foram levados \u00e0 Delegacia de Pol\u00edcia Civil de Bauru. A autoridade policial ratificou a pris\u00e3o em flagrante do indiv\u00edduo que assumiu o porte da arma, registrando o boletim de ocorr\u00eancia por porte ilegal de arma de fogo de uso restrito e o recolhendo ao c\u00e1rcere. O outro suspeito foi liberado ap\u00f3s a oitiva.<\/p>\n<input type=\"hidden\" id=\"baseurl\" value=\"https:\/\/noticiasregionais.com.br\"><input type=\"hidden\" id=\"audio_nonce\" value=\"533fbb67b1\">","protected":false},"excerpt":{"rendered":"<p>Durante patrulhamento especial, policiais do 13\u00b0 BAEP avistaram dois indiv\u00edduos em uma pra\u00e7a p\u00fablica, um deles com um volume suspeito&hellip;<\/p>\n","protected":false},"author":1,"featured_media":3467,"comment_status":"closed","ping_status":"open","sticky":false,"template":"","format":"standard","meta":{"sfsi_plus_gutenberg_text_before_share":"","sfsi_plus_gutenberg_show_text_before_share":"","sfsi_plus_gutenberg_icon_type":"","sfsi_plus_gutenberg_icon_alignemt":"","sfsi_plus_gutenburg_max_per_row":"","footnotes":""},"categories":[6,10,1],"tags":[],"class_list":["post-3466","post","type-post","status-publish","format-standard","has-post-thumbnail","hentry","category-sao_paulo","category-destaques","category-noticias"],"_links":{"self":[{"href":"https:\/\/noticiasregionais.com.br\/index.php?rest_route=\/wp\/v2\/posts\/3466","targetHints":{"allow":["GET"]}}],"collection":[{"href":"https:\/\/noticiasregionais.com.br\/index.php?rest_route=\/wp\/v2\/posts"}],"about":[{"href":"https:\/\/noticiasregionais.com.br\/index.php?rest_route=\/wp\/v2\/types\/post"}],"author":[{"embeddable":true,"href":"https:\/\/noticiasregionais.com.br\/index.php?rest_route=\/wp\/v2\/users\/1"}],"replies":[{"embeddable":true,"href":"https:\/\/noticiasregionais.com.br\/index.php?rest_route=%2Fwp%2Fv2%2Fcomments&post=3466"}],"version-history":[{"count":1,"href":"https:\/\/noticiasregionais.com.br\/index.php?rest_route=\/wp\/v2\/posts\/3466\/revisions"}],"predecessor-version":[{"id":3468,"href":"https:\/\/noticiasregionais.com.br\/index.php?rest_route=\/wp\/v2\/posts\/3466\/revisions\/3468"}],"wp:featuredmedia":[{"embeddable":true,"href":"https:\/\/noticiasregionais.com.br\/index.php?rest_route=\/wp\/v2\/media\/3467"}],"wp:attachment":[{"href":"https:\/\/noticiasregionais.com.br\/index.php?rest_route=%2Fwp%2Fv2%2Fmedia&parent=3466"}],"wp:term":[{"taxonomy":"category","embeddable":true,"href":"https:\/\/noticiasregionais.com.br\/index.php?rest_route=%2Fwp%2Fv2%2Fcategories&post=3466"},{"taxonomy":"post_tag","embeddable":true,"href":"https:\/\/noticiasregionais.com.br\/index.php?rest_route=%2Fwp%2Fv2%2Ftags&post=3466"}],"curies":[{"name":"wp","href":"https:\/\/api.w.org\/{rel}","templated":true}]}}