{"id":3472,"date":"2024-08-05T22:44:27","date_gmt":"2024-08-06T01:44:27","guid":{"rendered":"https:\/\/noticiasregionais.com.br\/?p=3472"},"modified":"2024-08-05T22:44:38","modified_gmt":"2024-08-06T01:44:38","slug":"13-baep-e-homenageado-por-atuacao-humanitaria-no-rs-e-4o-aniversario-do-batalhao","status":"publish","type":"post","link":"https:\/\/noticiasregionais.com.br\/?p=3472","title":{"rendered":"13\u00b0 BAEP \u00e9 Homenageado por Atua\u00e7\u00e3o Humanit\u00e1ria no RS e 4\u00ba Anivers\u00e1rio do Batalh\u00e3o"},"content":{"rendered":"\n<p>Na noite desta segunda-feira, 5 de agosto de 2024, o 13\u00b0 Batalh\u00e3o de A\u00e7\u00f5es Especiais de Pol\u00edcia (BAEP), representado pelo Tenente Coronel F\u00e1bio Domingues Pereira e pelos Policiais Militares Sargento Tai\u00f3qui, Cabo Marco Ant\u00f4nio, Cabo Giroldo, Cabo Cardoso, Cabo \u00c9der, Cabo Teixeira e Cabo Gervanzoni, foi homenageado em uma cerim\u00f4nia especial. A homenagem, formalizada atrav\u00e9s da Mo\u00e7\u00e3o P\u00fablica n\u00b0 099\/2024, foi proposta pelo Vereador de Santa Cruz do Rio Pardo Juninho Souza e destacou &#8220;Aplausos e Reconhecimento&#8221; ao batalh\u00e3o pelo seu 4\u00b0 anivers\u00e1rio e pela significativa participa\u00e7\u00e3o na A\u00e7\u00e3o Humanit\u00e1ria no Rio Grande do Sul, integrando o 4\u00b0 Contingente do Batalh\u00e3o Humanit\u00e1rio da Pol\u00edcia Militar do Estado de S\u00e3o Paulo, ocorrida entre 8 e 20 de julho.<\/p>\n\n\n\n<p>A Base de Canil do 13\u00b0 BAEP, localizada em Santa Cruz do Rio Pardo, \u00e9 respons\u00e1vel pelo patrulhamento e combate ao crime em 12 munic\u00edpios sob a jurisdi\u00e7\u00e3o do 31\u00b0 Batalh\u00e3o da Pol\u00edcia Militar de Ourinhos. As cidades atendidas incluem Ourinhos, Santa Cruz do Rio Pardo, Salto Grande, Ribeir\u00e3o do Sul, Canitar, Chavantes, S\u00e3o Pedro do Turvo, Ipaussu, Bernardino de Campos, \u00d3leo, Timburi e Esp\u00edrito Santo do Turvo. Al\u00e9m disso, o batalh\u00e3o estende suas opera\u00e7\u00f5es a outros 64 munic\u00edpios do Grande Comando de Policiamento do Interior IV, utilizando c\u00e3es farejadores em a\u00e7\u00f5es especiais e colaborando com diversas institui\u00e7\u00f5es, como Pol\u00edcia Civil, GCM, Pol\u00edcia Rodovi\u00e1ria Estadual, Pol\u00edcia Rodovi\u00e1ria Federal e o 2\u00b0 Batalh\u00e3o de Pol\u00edcia do Estado do Paran\u00e1, sediado em Jacarezinho\/PR.<\/p>\n\n\n\n<p>Os policiais do Canil do 13\u00b0 BAEP tamb\u00e9m realizam campanhas educativas em escolas e outras institui\u00e7\u00f5es, focando no combate ao tr\u00e1fico de drogas e armas. Durante essas campanhas, s\u00e3o realizadas palestras e demonstra\u00e7\u00f5es das habilidades dos c\u00e3es em detec\u00e7\u00e3o, obedi\u00eancia e prote\u00e7\u00e3o, evidenciando a efic\u00e1cia e o treinamento dos animais em diversas modalidades de seguran\u00e7a.<\/p>\n\n\n\n<figure class=\"wp-block-gallery has-nested-images columns-default is-cropped wp-block-gallery-1 is-layout-flex wp-block-gallery-is-layout-flex\">\n<figure class=\"wp-block-image size-large\"><a href=\"https:\/\/noticiasregionais.com.br\/wp-content\/uploads\/2024\/08\/WhatsApp-Image-2024-08-05-at-21.46.44.jpeg\"><img decoding=\"async\" width=\"1024\" height=\"769\" data-id=\"3476\" src=\"https:\/\/noticiasregionais.com.br\/wp-content\/uploads\/2024\/08\/WhatsApp-Image-2024-08-05-at-21.46.44-1024x769.jpeg\" alt=\"\" class=\"wp-image-3476\" srcset=\"https:\/\/noticiasregionais.com.br\/wp-content\/uploads\/2024\/08\/WhatsApp-Image-2024-08-05-at-21.46.44-1024x769.jpeg 1024w, https:\/\/noticiasregionais.com.br\/wp-content\/uploads\/2024\/08\/WhatsApp-Image-2024-08-05-at-21.46.44-300x225.jpeg 300w, https:\/\/noticiasregionais.com.br\/wp-content\/uploads\/2024\/08\/WhatsApp-Image-2024-08-05-at-21.46.44-768x576.jpeg 768w, https:\/\/noticiasregionais.com.br\/wp-content\/uploads\/2024\/08\/WhatsApp-Image-2024-08-05-at-21.46.44-1536x1153.jpeg 1536w, https:\/\/noticiasregionais.com.br\/wp-content\/uploads\/2024\/08\/WhatsApp-Image-2024-08-05-at-21.46.44.jpeg 1600w\" sizes=\"(max-width: 1024px) 100vw, 1024px\" \/><\/a><\/figure>\n\n\n\n<figure class=\"wp-block-image size-large\"><a href=\"https:\/\/noticiasregionais.com.br\/wp-content\/uploads\/2024\/08\/WhatsApp-Image-2024-08-05-at-21.46.48.jpeg\"><img decoding=\"async\" width=\"1024\" height=\"768\" data-id=\"3473\" src=\"https:\/\/noticiasregionais.com.br\/wp-content\/uploads\/2024\/08\/WhatsApp-Image-2024-08-05-at-21.46.48-1024x768.jpeg\" alt=\"\" class=\"wp-image-3473\" srcset=\"https:\/\/noticiasregionais.com.br\/wp-content\/uploads\/2024\/08\/WhatsApp-Image-2024-08-05-at-21.46.48-1024x768.jpeg 1024w, https:\/\/noticiasregionais.com.br\/wp-content\/uploads\/2024\/08\/WhatsApp-Image-2024-08-05-at-21.46.48-300x225.jpeg 300w, https:\/\/noticiasregionais.com.br\/wp-content\/uploads\/2024\/08\/WhatsApp-Image-2024-08-05-at-21.46.48-768x576.jpeg 768w, https:\/\/noticiasregionais.com.br\/wp-content\/uploads\/2024\/08\/WhatsApp-Image-2024-08-05-at-21.46.48-1536x1152.jpeg 1536w, https:\/\/noticiasregionais.com.br\/wp-content\/uploads\/2024\/08\/WhatsApp-Image-2024-08-05-at-21.46.48.jpeg 1600w\" sizes=\"(max-width: 1024px) 100vw, 1024px\" \/><\/a><\/figure>\n\n\n\n<figure class=\"wp-block-image size-large\"><a href=\"https:\/\/noticiasregionais.com.br\/wp-content\/uploads\/2024\/08\/WhatsApp-Image-2024-08-05-at-21.46.46.jpeg\"><img decoding=\"async\" width=\"768\" height=\"1024\" data-id=\"3477\" src=\"https:\/\/noticiasregionais.com.br\/wp-content\/uploads\/2024\/08\/WhatsApp-Image-2024-08-05-at-21.46.46-768x1024.jpeg\" alt=\"\" class=\"wp-image-3477\" srcset=\"https:\/\/noticiasregionais.com.br\/wp-content\/uploads\/2024\/08\/WhatsApp-Image-2024-08-05-at-21.46.46-768x1024.jpeg 768w, https:\/\/noticiasregionais.com.br\/wp-content\/uploads\/2024\/08\/WhatsApp-Image-2024-08-05-at-21.46.46-225x300.jpeg 225w, https:\/\/noticiasregionais.com.br\/wp-content\/uploads\/2024\/08\/WhatsApp-Image-2024-08-05-at-21.46.46-1152x1536.jpeg 1152w, https:\/\/noticiasregionais.com.br\/wp-content\/uploads\/2024\/08\/WhatsApp-Image-2024-08-05-at-21.46.46.jpeg 1200w\" sizes=\"(max-width: 768px) 100vw, 768px\" \/><\/a><\/figure>\n\n\n\n<figure class=\"wp-block-image size-large\"><a href=\"https:\/\/noticiasregionais.com.br\/wp-content\/uploads\/2024\/08\/WhatsApp-Image-2024-08-05-at-21.46.45.jpeg\"><img decoding=\"async\" width=\"1024\" height=\"769\" data-id=\"3475\" src=\"https:\/\/noticiasregionais.com.br\/wp-content\/uploads\/2024\/08\/WhatsApp-Image-2024-08-05-at-21.46.45-1024x769.jpeg\" alt=\"\" class=\"wp-image-3475\" srcset=\"https:\/\/noticiasregionais.com.br\/wp-content\/uploads\/2024\/08\/WhatsApp-Image-2024-08-05-at-21.46.45-1024x769.jpeg 1024w, https:\/\/noticiasregionais.com.br\/wp-content\/uploads\/2024\/08\/WhatsApp-Image-2024-08-05-at-21.46.45-300x225.jpeg 300w, https:\/\/noticiasregionais.com.br\/wp-content\/uploads\/2024\/08\/WhatsApp-Image-2024-08-05-at-21.46.45-768x576.jpeg 768w, https:\/\/noticiasregionais.com.br\/wp-content\/uploads\/2024\/08\/WhatsApp-Image-2024-08-05-at-21.46.45-1536x1153.jpeg 1536w, https:\/\/noticiasregionais.com.br\/wp-content\/uploads\/2024\/08\/WhatsApp-Image-2024-08-05-at-21.46.45.jpeg 1600w\" sizes=\"(max-width: 1024px) 100vw, 1024px\" \/><\/a><\/figure>\n\n\n\n<figure class=\"wp-block-image size-large\"><a href=\"https:\/\/noticiasregionais.com.br\/wp-content\/uploads\/2024\/08\/WhatsApp-Image-2024-08-05-at-21.46.46-1.jpeg\"><img decoding=\"async\" width=\"768\" height=\"1024\" data-id=\"3474\" src=\"https:\/\/noticiasregionais.com.br\/wp-content\/uploads\/2024\/08\/WhatsApp-Image-2024-08-05-at-21.46.46-1-768x1024.jpeg\" alt=\"\" class=\"wp-image-3474\" srcset=\"https:\/\/noticiasregionais.com.br\/wp-content\/uploads\/2024\/08\/WhatsApp-Image-2024-08-05-at-21.46.46-1-768x1024.jpeg 768w, https:\/\/noticiasregionais.com.br\/wp-content\/uploads\/2024\/08\/WhatsApp-Image-2024-08-05-at-21.46.46-1-225x300.jpeg 225w, https:\/\/noticiasregionais.com.br\/wp-content\/uploads\/2024\/08\/WhatsApp-Image-2024-08-05-at-21.46.46-1-1152x1536.jpeg 1152w, https:\/\/noticiasregionais.com.br\/wp-content\/uploads\/2024\/08\/WhatsApp-Image-2024-08-05-at-21.46.46-1.jpeg 1200w\" sizes=\"(max-width: 768px) 100vw, 768px\" \/><\/a><\/figure>\n<\/figure>\n<input type=\"hidden\" id=\"baseurl\" value=\"https:\/\/noticiasregionais.com.br\"><input type=\"hidden\" id=\"audio_nonce\" value=\"533fbb67b1\">","protected":false},"excerpt":{"rendered":"<p>Na noite desta segunda-feira, 5 de agosto de 2024, o 13\u00b0 Batalh\u00e3o de A\u00e7\u00f5es Especiais de Pol\u00edcia (BAEP), representado pelo&hellip;<\/p>\n","protected":false},"author":1,"featured_media":3478,"comment_status":"closed","ping_status":"open","sticky":false,"template":"","format":"standard","meta":{"sfsi_plus_gutenberg_text_before_share":"","sfsi_plus_gutenberg_show_text_before_share":"","sfsi_plus_gutenberg_icon_type":"","sfsi_plus_gutenberg_icon_alignemt":"","sfsi_plus_gutenburg_max_per_row":"","footnotes":""},"categories":[6,12,1],"tags":[],"class_list":["post-3472","post","type-post","status-publish","format-standard","has-post-thumbnail","hentry","category-sao_paulo","category-capa","category-noticias"],"_links":{"self":[{"href":"https:\/\/noticiasregionais.com.br\/index.php?rest_route=\/wp\/v2\/posts\/3472","targetHints":{"allow":["GET"]}}],"collection":[{"href":"https:\/\/noticiasregionais.com.br\/index.php?rest_route=\/wp\/v2\/posts"}],"about":[{"href":"https:\/\/noticiasregionais.com.br\/index.php?rest_route=\/wp\/v2\/types\/post"}],"author":[{"embeddable":true,"href":"https:\/\/noticiasregionais.com.br\/index.php?rest_route=\/wp\/v2\/users\/1"}],"replies":[{"embeddable":true,"href":"https:\/\/noticiasregionais.com.br\/index.php?rest_route=%2Fwp%2Fv2%2Fcomments&post=3472"}],"version-history":[{"count":1,"href":"https:\/\/noticiasregionais.com.br\/index.php?rest_route=\/wp\/v2\/posts\/3472\/revisions"}],"predecessor-version":[{"id":3479,"href":"https:\/\/noticiasregionais.com.br\/index.php?rest_route=\/wp\/v2\/posts\/3472\/revisions\/3479"}],"wp:featuredmedia":[{"embeddable":true,"href":"https:\/\/noticiasregionais.com.br\/index.php?rest_route=\/wp\/v2\/media\/3478"}],"wp:attachment":[{"href":"https:\/\/noticiasregionais.com.br\/index.php?rest_route=%2Fwp%2Fv2%2Fmedia&parent=3472"}],"wp:term":[{"taxonomy":"category","embeddable":true,"href":"https:\/\/noticiasregionais.com.br\/index.php?rest_route=%2Fwp%2Fv2%2Fcategories&post=3472"},{"taxonomy":"post_tag","embeddable":true,"href":"https:\/\/noticiasregionais.com.br\/index.php?rest_route=%2Fwp%2Fv2%2Ftags&post=3472"}],"curies":[{"name":"wp","href":"https:\/\/api.w.org\/{rel}","templated":true}]}}