{"id":3480,"date":"2024-08-05T22:55:36","date_gmt":"2024-08-06T01:55:36","guid":{"rendered":"https:\/\/noticiasregionais.com.br\/?p=3480"},"modified":"2024-08-05T22:55:48","modified_gmt":"2024-08-06T01:55:48","slug":"jacarezinho-registra-grande-apreensao-de-drogas-e-duas-prisoes","status":"publish","type":"post","link":"https:\/\/noticiasregionais.com.br\/?p=3480","title":{"rendered":"Jacarezinho registra grande apreens\u00e3o de drogas e duas pris\u00f5es"},"content":{"rendered":"\n<p>Em uma a\u00e7\u00e3o r\u00e1pida e eficiente, a Pol\u00edcia Militar de Jacarezinho conseguiu desarticular um ponto de tr\u00e1fico de drogas na noite de domingo (04\/08). A opera\u00e7\u00e3o, desencadeada ap\u00f3s den\u00fancias an\u00f4nimas, resultou na apreens\u00e3o de mais de 3,5 kg de entorpecentes e na pris\u00e3o de dois indiv\u00edduos.<\/p>\n\n\n\n<p>A ocorr\u00eancia teve in\u00edcio por volta das 22h30, na Rua Levy Taborda, bairro Aeroporto. Ao chegarem no local indicado, os policiais se depararam com uma situa\u00e7\u00e3o de flagr\u00e2ncia. Um dos suspeitos, ao perceber a presen\u00e7a da viatura, tentou fugir para o interior da resid\u00eancia, mas foi rapidamente contido.<\/p>\n\n\n\n<p>Durante as buscas no im\u00f3vel, os policiais encontraram uma quantidade significativa de drogas, divididas em 1,9 kg de maconha e 1,5 kg de coca\u00edna. Al\u00e9m do entorpecente, a pol\u00edcia tamb\u00e9m apreendeu R$1056,00 em dinheiro, possivelmente proveniente da venda das drogas.<\/p>\n\n\n\n<p>Diante dos fatos, os dois indiv\u00edduos foram presos em flagrante e conduzidos \u00e0 Delegacia de Pol\u00edcia para os procedimentos de praxe. A Pol\u00edcia Civil dar\u00e1 continuidade \u00e0s investiga\u00e7\u00f5es para identificar outros envolvidos na quadrilha e desmantelar a organiza\u00e7\u00e3o criminosa.<\/p>\n<input type=\"hidden\" id=\"baseurl\" value=\"https:\/\/noticiasregionais.com.br\"><input type=\"hidden\" id=\"audio_nonce\" value=\"533fbb67b1\">","protected":false},"excerpt":{"rendered":"<p>Em uma a\u00e7\u00e3o r\u00e1pida e eficiente, a Pol\u00edcia Militar de Jacarezinho conseguiu desarticular um ponto de tr\u00e1fico de drogas na&hellip;<\/p>\n","protected":false},"author":1,"featured_media":3481,"comment_status":"closed","ping_status":"open","sticky":false,"template":"","format":"standard","meta":{"sfsi_plus_gutenberg_text_before_share":"","sfsi_plus_gutenberg_show_text_before_share":"","sfsi_plus_gutenberg_icon_type":"","sfsi_plus_gutenberg_icon_alignemt":"","sfsi_plus_gutenburg_max_per_row":"","footnotes":""},"categories":[7,10,1],"tags":[],"class_list":["post-3480","post","type-post","status-publish","format-standard","has-post-thumbnail","hentry","category-parana","category-destaques","category-noticias"],"_links":{"self":[{"href":"https:\/\/noticiasregionais.com.br\/index.php?rest_route=\/wp\/v2\/posts\/3480","targetHints":{"allow":["GET"]}}],"collection":[{"href":"https:\/\/noticiasregionais.com.br\/index.php?rest_route=\/wp\/v2\/posts"}],"about":[{"href":"https:\/\/noticiasregionais.com.br\/index.php?rest_route=\/wp\/v2\/types\/post"}],"author":[{"embeddable":true,"href":"https:\/\/noticiasregionais.com.br\/index.php?rest_route=\/wp\/v2\/users\/1"}],"replies":[{"embeddable":true,"href":"https:\/\/noticiasregionais.com.br\/index.php?rest_route=%2Fwp%2Fv2%2Fcomments&post=3480"}],"version-history":[{"count":1,"href":"https:\/\/noticiasregionais.com.br\/index.php?rest_route=\/wp\/v2\/posts\/3480\/revisions"}],"predecessor-version":[{"id":3482,"href":"https:\/\/noticiasregionais.com.br\/index.php?rest_route=\/wp\/v2\/posts\/3480\/revisions\/3482"}],"wp:featuredmedia":[{"embeddable":true,"href":"https:\/\/noticiasregionais.com.br\/index.php?rest_route=\/wp\/v2\/media\/3481"}],"wp:attachment":[{"href":"https:\/\/noticiasregionais.com.br\/index.php?rest_route=%2Fwp%2Fv2%2Fmedia&parent=3480"}],"wp:term":[{"taxonomy":"category","embeddable":true,"href":"https:\/\/noticiasregionais.com.br\/index.php?rest_route=%2Fwp%2Fv2%2Fcategories&post=3480"},{"taxonomy":"post_tag","embeddable":true,"href":"https:\/\/noticiasregionais.com.br\/index.php?rest_route=%2Fwp%2Fv2%2Ftags&post=3480"}],"curies":[{"name":"wp","href":"https:\/\/api.w.org\/{rel}","templated":true}]}}