{"id":3483,"date":"2024-08-07T07:09:10","date_gmt":"2024-08-07T10:09:10","guid":{"rendered":"https:\/\/noticiasregionais.com.br\/?p=3483"},"modified":"2024-08-07T07:09:22","modified_gmt":"2024-08-07T10:09:22","slug":"dia-dos-pais-comercio-de-ourinhos-funcionara-ate-as-22-horas-nessa-sexta-feira-09","status":"publish","type":"post","link":"https:\/\/noticiasregionais.com.br\/?p=3483","title":{"rendered":"Dia dos Pais &#8211; Com\u00e9rcio de Ourinhos funcionar\u00e1 at\u00e9 \u00e0s 22 horas nessa sexta-feira (09)"},"content":{"rendered":"\n<p>O com\u00e9rcio de Ourinhos ter\u00e1 atendimento em hor\u00e1rio especial para as compras de Dia dos Pais e na sexta-feira (09), as lojas funcionar\u00e3o at\u00e9 \u00e0s 22 horas.<\/p>\n\n\n\n<p>A expectativa \u00e9 que o hor\u00e1rio estendido proporcione mais tempo e comodidade para os consumidores encontrarem o presente ideal para os pais. A iniciativa tamb\u00e9m visa aquecer o com\u00e9rcio local, impulsionando as vendas e proporcionando uma experi\u00eancia de compra mais agrad\u00e1vel para os clientes.<\/p>\n\n\n\n<p>Importante destacar tamb\u00e9m que a Promo\u00e7\u00e3o da ACE \u201cCombina\u00e7\u00e3o Perfeita \u2013 Com\u00e9rcio de Ourinhos &amp; Voc\u00ea\u201d est\u00e1 com a campanha de Dia dos Pais e as lojas participantes est\u00e3o distribuindo cupons para os clientes \u2013 uma \u00f3tima oportunidade de encontrar o presente para os pais e ainda ganhar pr\u00eamios.<\/p>\n\n\n\n<p>O pr\u00f3ximo sorteio com quatro pr\u00eamios de R$1000,00 acontece no dia 26 de agosto.<\/p>\n<input type=\"hidden\" id=\"baseurl\" value=\"https:\/\/noticiasregionais.com.br\"><input type=\"hidden\" id=\"audio_nonce\" value=\"533fbb67b1\">","protected":false},"excerpt":{"rendered":"<p>O com\u00e9rcio de Ourinhos ter\u00e1 atendimento em hor\u00e1rio especial para as compras de Dia dos Pais e na sexta-feira (09),&hellip;<\/p>\n","protected":false},"author":1,"featured_media":3401,"comment_status":"closed","ping_status":"open","sticky":false,"template":"","format":"standard","meta":{"sfsi_plus_gutenberg_text_before_share":"","sfsi_plus_gutenberg_show_text_before_share":"","sfsi_plus_gutenberg_icon_type":"","sfsi_plus_gutenberg_icon_alignemt":"","sfsi_plus_gutenburg_max_per_row":"","footnotes":""},"categories":[5,10,1],"tags":[],"class_list":["post-3483","post","type-post","status-publish","format-standard","has-post-thumbnail","hentry","category-ourinhos","category-destaques","category-noticias"],"_links":{"self":[{"href":"https:\/\/noticiasregionais.com.br\/index.php?rest_route=\/wp\/v2\/posts\/3483","targetHints":{"allow":["GET"]}}],"collection":[{"href":"https:\/\/noticiasregionais.com.br\/index.php?rest_route=\/wp\/v2\/posts"}],"about":[{"href":"https:\/\/noticiasregionais.com.br\/index.php?rest_route=\/wp\/v2\/types\/post"}],"author":[{"embeddable":true,"href":"https:\/\/noticiasregionais.com.br\/index.php?rest_route=\/wp\/v2\/users\/1"}],"replies":[{"embeddable":true,"href":"https:\/\/noticiasregionais.com.br\/index.php?rest_route=%2Fwp%2Fv2%2Fcomments&post=3483"}],"version-history":[{"count":1,"href":"https:\/\/noticiasregionais.com.br\/index.php?rest_route=\/wp\/v2\/posts\/3483\/revisions"}],"predecessor-version":[{"id":3484,"href":"https:\/\/noticiasregionais.com.br\/index.php?rest_route=\/wp\/v2\/posts\/3483\/revisions\/3484"}],"wp:featuredmedia":[{"embeddable":true,"href":"https:\/\/noticiasregionais.com.br\/index.php?rest_route=\/wp\/v2\/media\/3401"}],"wp:attachment":[{"href":"https:\/\/noticiasregionais.com.br\/index.php?rest_route=%2Fwp%2Fv2%2Fmedia&parent=3483"}],"wp:term":[{"taxonomy":"category","embeddable":true,"href":"https:\/\/noticiasregionais.com.br\/index.php?rest_route=%2Fwp%2Fv2%2Fcategories&post=3483"},{"taxonomy":"post_tag","embeddable":true,"href":"https:\/\/noticiasregionais.com.br\/index.php?rest_route=%2Fwp%2Fv2%2Ftags&post=3483"}],"curies":[{"name":"wp","href":"https:\/\/api.w.org\/{rel}","templated":true}]}}