{"id":3485,"date":"2024-08-07T07:18:44","date_gmt":"2024-08-07T10:18:44","guid":{"rendered":"https:\/\/noticiasregionais.com.br\/?p=3485"},"modified":"2024-08-07T07:18:56","modified_gmt":"2024-08-07T10:18:56","slug":"estimativa-para-iva-brasileiro-e-de-265-atras-apenas-da-hungria","status":"publish","type":"post","link":"https:\/\/noticiasregionais.com.br\/?p=3485","title":{"rendered":"Estimativa para IVA brasileiro \u00e9 de 26,5%, atr\u00e1s apenas da Hungria"},"content":{"rendered":"\n<p class=\"has-text-align-center\"><strong>Retorno \u00e0 popula\u00e7\u00e3o n\u00e3o condiz com segundo maior imposto sobre consumo do mundo, avaliam tributaristas<\/strong><\/p>\n\n\n\n<p>Um Imposto sobre Valor Agregado (IVA) de 26,5% far\u00e1 do Brasil o pa\u00eds com o segundo maior tributo sobre o consumo do mundo. Especialistas apontam que, al\u00e9m de ser elevado, esse patamar n\u00e3o condiz com o retorno dado \u00e0 popula\u00e7\u00e3o por meio dos servi\u00e7os p\u00fablicos.&nbsp;<\/p>\n\n\n\n<p>A estimativa mais recente do Minist\u00e9rio da Fazenda para o IVA \u2014 que une a CBS e o IBS \u2014 colocaria o Brasil atr\u00e1s apenas da Hungria, que tem uma al\u00edquota de refer\u00eancia de 27%, a maior em um ranking de cerca de 170 pa\u00edses.&nbsp;<\/p>\n\n\n\n<p>Advogado especialista em direito tribut\u00e1rio, Ranieri Genari diz que a carga de impostos sobre o consumo de bens e servi\u00e7os no Brasil \u00e9 semelhante \u00e0quela cobrada em pa\u00edses do norte da Europa. No entanto, esses pa\u00edses proporcionam qualidade de vida significativamente melhor aos seus cidad\u00e3os, compara.&nbsp;<\/p>\n\n\n\n<p>&#8220;N\u00e3o \u00e9 o melhor patamar para se estar n\u00e3o s\u00f3 pela al\u00edquota, mas tamb\u00e9m porque a gente olha a taxa de retorno que os pa\u00edses que est\u00e3o em primeiro nessas al\u00edquotas, como Hungria, Dinamarca, Noruega, Su\u00e9cia, Pa\u00edses Baixos, majoritariamente da Europa, t\u00eam de servi\u00e7os para a popula\u00e7\u00e3o&#8221;, analisa.<\/p>\n\n\n\n<p>Katia Gutierres, s\u00f3cia do Barcellos Tucunduva Advogados, acredita que a popula\u00e7\u00e3o n\u00e3o v\u00ea como justific\u00e1vel uma al\u00edquota de 26,5%. &#8220;A tributa\u00e7\u00e3o nos pa\u00edses n\u00f3rdicos \u00e9 elevada, mas a gente percebe que n\u00e3o existe uma insatisfa\u00e7\u00e3o t\u00e3o grande da popula\u00e7\u00e3o como aqui no Brasil. Existe uma percep\u00e7\u00e3o grande na sociedade brasileira de que n\u00e3o h\u00e1 um retorno efetivo dos tributos que s\u00e3o pagos&#8221;, avalia.&nbsp;<\/p>\n\n\n\n<h2 class=\"wp-block-heading\">Princ\u00edpios equivocados<\/h2>\n\n\n\n<p>Segundo Genari, a reforma tribut\u00e1ria que est\u00e1 em curso no Brasil n\u00e3o deveria ser neutra do ponto de vista da arrecada\u00e7\u00e3o, ou seja, manter a carga de impostos no mesmo patamar. Para ele, essa seria uma boa oportunidade para que o pa\u00eds revisse gastos desnecess\u00e1rios e, assim, pudesse diminuir o peso dos tributos sobre os contribuintes.&nbsp;<\/p>\n\n\n\n<p>&#8220;A reforma parte da premissa de que o governo n\u00e3o pode diminuir a arrecada\u00e7\u00e3o com base no que j\u00e1 existe. L\u00f3gico que tem uma quest\u00e3o or\u00e7ament\u00e1ria envolvida, de responsabilidade fiscal do governo, mas, a partir dessa premissa, voc\u00ea j\u00e1 entende que n\u00e3o deve ser feita nenhuma revis\u00e3o no que j\u00e1 existe. Voc\u00ea s\u00f3 faz uma virada de chave&#8221;, critica.<\/p>\n\n\n\n<p>O especialista tamb\u00e9m discorda do n\u00famero de setores que ter\u00e3o tratamento diferenciado no novo sistema tribut\u00e1rio, como isen\u00e7\u00e3o ou redu\u00e7\u00e3o na al\u00edquota do IVA. &#8220;A gente tem uma grande gama de exce\u00e7\u00f5es que os tributos atuais j\u00e1 comportam e que, no meu entendimento, a reforma est\u00e1 preservando muita coisa que n\u00e3o deveria preservar&#8221;, afirma.&nbsp;<\/p>\n\n\n\n<p>Para Katia, em meio \u00e0 press\u00e3o de diversos setores pela inclus\u00e3o deles em regimes de tratamento diferenciado, a fixa\u00e7\u00e3o de um teto para a al\u00edquota de refer\u00eancia do IVA \u2014 que n\u00e3o poder\u00e1 ultrapassar 26,5% \u2014 \u00e9 positiva, mas precisa ser aperfei\u00e7oada. &#8220;Eu achei positivo constar um teto para a al\u00edquota no texto, mas da forma como est\u00e1 redigido n\u00e3o tem, por exemplo, nenhuma penalidade ou instrumento de coer\u00e7\u00e3o para que esse ajuste da al\u00edquota seja feito. Faltam elementos para dar uma maior efetividade a essa trava&#8221;, pontua.&nbsp;<\/p>\n\n\n\n<p>De acordo com o projeto de lei complementar (PLP) 68\/2024 \u2014 que detalha o funcionamento do novo sistema tribut\u00e1rio \u2014, em 2030, o Executivo e o Comit\u00ea Gestor do IBS poder\u00e3o rever benef\u00edcios concedidos a alguns setores, caso a al\u00edquota de refer\u00eancia do IVA ameace ultrapassar 26,5%. Na pr\u00e1tica, o percentual de quem paga menos imposto dever\u00e1 aumentar se a al\u00edquota que todos os demais pagam superar o teto estabelecido.&nbsp;<\/p>\n\n\n\n<p><a href=\"https:\/\/brasil61.com\/n\/reforma-tributaria-saiba-como-vai-funcionar-a-trava-para-a-aliquota-maxima-dos-novos-impostos-pind244511\" target=\"_blank\" rel=\"noopener\">Reforma tribut\u00e1ria: saiba como vai funcionar a trava para a al\u00edquota m\u00e1xima dos novos impostos<\/a><\/p>\n\n\n\n<h2 class=\"wp-block-heading\">Transpar\u00eancia<\/h2>\n\n\n\n<p>Os especialistas destacam que um ponto positivo da reforma em curso \u00e9 a transpar\u00eancia do novo sistema, algo que est\u00e1 em falta no modelo atual. &#8220;Essa reforma est\u00e1 escancarando para todo mundo, n\u00e3o s\u00f3 consumidores, mas quem est\u00e1 no meio da cadeia [produtiva], atacadista, varejista, o quanto de tributo est\u00e1 embutido naquele pre\u00e7o que est\u00e1 sendo praticado, algo que hoje a gente n\u00e3o tem&#8221;, afirma Genari.&nbsp;<\/p>\n\n\n\n<p>Katia concorda. &#8220;Quando a gente recebe uma nota de algum produto que a gente comprou, a gente n\u00e3o consegue ter uma vis\u00e3o muito clara de quanto que representa o tributo dentro daquela nota, e a tend\u00eancia com a reforma tribut\u00e1ria \u00e9 que a gente veja ali, efetivamente, quanto de tributo que a gente est\u00e1 pagando.&#8221;<\/p>\n\n\n\n<p>O PLP 68\/2024 vai para o Senado. Se for aprovado com altera\u00e7\u00f5es, volta para a C\u00e2mara dos Deputados. Se n\u00e3o, vai \u00e0 san\u00e7\u00e3o presidencial.&nbsp;<br>&nbsp;<\/p>\n\n\n\n<p>Fonte: <a href=\"https:\/\/brasil61.com\/n\/retorno-a-populacao-nao-condiz-com-segundo-maior-imposto-sobre-consumo-do-mundo-avaliam-tributaristas-bras2412204\" target=\"_blank\" rel=\"noreferrer noopener\">Brasil 61<\/a><\/p>\n<input type=\"hidden\" id=\"baseurl\" value=\"https:\/\/noticiasregionais.com.br\"><input type=\"hidden\" id=\"audio_nonce\" value=\"533fbb67b1\">","protected":false},"excerpt":{"rendered":"<p>Retorno \u00e0 popula\u00e7\u00e3o n\u00e3o condiz com segundo maior imposto sobre consumo do mundo, avaliam tributaristas Um Imposto sobre Valor Agregado&hellip;<\/p>\n","protected":false},"author":1,"featured_media":3486,"comment_status":"closed","ping_status":"open","sticky":false,"template":"","format":"standard","meta":{"sfsi_plus_gutenberg_text_before_share":"","sfsi_plus_gutenberg_show_text_before_share":"","sfsi_plus_gutenberg_icon_type":"","sfsi_plus_gutenberg_icon_alignemt":"","sfsi_plus_gutenburg_max_per_row":"","footnotes":""},"categories":[8,10,1],"tags":[],"class_list":["post-3485","post","type-post","status-publish","format-standard","has-post-thumbnail","hentry","category-brasil","category-destaques","category-noticias"],"_links":{"self":[{"href":"https:\/\/noticiasregionais.com.br\/index.php?rest_route=\/wp\/v2\/posts\/3485","targetHints":{"allow":["GET"]}}],"collection":[{"href":"https:\/\/noticiasregionais.com.br\/index.php?rest_route=\/wp\/v2\/posts"}],"about":[{"href":"https:\/\/noticiasregionais.com.br\/index.php?rest_route=\/wp\/v2\/types\/post"}],"author":[{"embeddable":true,"href":"https:\/\/noticiasregionais.com.br\/index.php?rest_route=\/wp\/v2\/users\/1"}],"replies":[{"embeddable":true,"href":"https:\/\/noticiasregionais.com.br\/index.php?rest_route=%2Fwp%2Fv2%2Fcomments&post=3485"}],"version-history":[{"count":1,"href":"https:\/\/noticiasregionais.com.br\/index.php?rest_route=\/wp\/v2\/posts\/3485\/revisions"}],"predecessor-version":[{"id":3487,"href":"https:\/\/noticiasregionais.com.br\/index.php?rest_route=\/wp\/v2\/posts\/3485\/revisions\/3487"}],"wp:featuredmedia":[{"embeddable":true,"href":"https:\/\/noticiasregionais.com.br\/index.php?rest_route=\/wp\/v2\/media\/3486"}],"wp:attachment":[{"href":"https:\/\/noticiasregionais.com.br\/index.php?rest_route=%2Fwp%2Fv2%2Fmedia&parent=3485"}],"wp:term":[{"taxonomy":"category","embeddable":true,"href":"https:\/\/noticiasregionais.com.br\/index.php?rest_route=%2Fwp%2Fv2%2Fcategories&post=3485"},{"taxonomy":"post_tag","embeddable":true,"href":"https:\/\/noticiasregionais.com.br\/index.php?rest_route=%2Fwp%2Fv2%2Ftags&post=3485"}],"curies":[{"name":"wp","href":"https:\/\/api.w.org\/{rel}","templated":true}]}}