{"id":3488,"date":"2024-08-07T07:50:23","date_gmt":"2024-08-07T10:50:23","guid":{"rendered":"https:\/\/noticiasregionais.com.br\/?p=3488"},"modified":"2024-08-07T07:50:35","modified_gmt":"2024-08-07T10:50:35","slug":"grave-acidente-com-duas-vitimas-fatais-na-regiao","status":"publish","type":"post","link":"https:\/\/noticiasregionais.com.br\/?p=3488","title":{"rendered":"Grave acidente com duas v\u00edtimas fatais na regi\u00e3o"},"content":{"rendered":"\n<p>Um grave acidente de tr\u00e2nsito deixou duas pessoas mortas na manh\u00e3 desta ter\u00e7a-feira, 06 de agosto, na BR-369, pr\u00f3ximo ao trevo de Santa Mariana. A colis\u00e3o transversal envolveu um Ford Fiesta e um caminh\u00e3o, por volta das 8h.<\/p>\n\n\n\n<p>De acordo com informa\u00e7\u00f5es da Pol\u00edcia Rodovi\u00e1ria Federal (PRF), o condutor e a passageira do Ford Fiesta n\u00e3o resistiram aos ferimentos e morreram no local. Outra passageira do mesmo ve\u00edculo foi socorrida em estado grave e encaminhada para a Santa Casa de Bandeirantes.<\/p>\n\n\n\n<p>O condutor do caminh\u00e3o saiu ileso do acidente e permaneceu no local para prestar esclarecimentos. O teste do baf\u00f4metro realizado pela PRF apontou resultado negativo para consumo de \u00e1lcool.<\/p>\n\n\n\n<p><strong>Equipes de socorro e per\u00edcia no local<\/strong><\/p>\n\n\n\n<p>Equipes do Corpo de Bombeiros, Pol\u00edcia Civil, Criminal\u00edstica, Instituto M\u00e9dico Legal (IML), Concession\u00e1ria EPR, Servi\u00e7o de Atendimento M\u00f3vel de Urg\u00eancia (SAMU) e a PRF estiveram no local para atender a ocorr\u00eancia. A PRF ser\u00e1 respons\u00e1vel pela elabora\u00e7\u00e3o do Laudo Pericial de Acidente de Tr\u00e2nsito (LPAT), que ir\u00e1 detalhar as causas do acidente.<\/p>\n\n\n\n<p>As circunst\u00e2ncias que levaram \u00e0 colis\u00e3o ainda est\u00e3o sendo investigadas. A PRF alerta para a import\u00e2ncia de dirigir com aten\u00e7\u00e3o e respeitar as leis de tr\u00e2nsito.<\/p>\n\n\n<div class=\"wp-block-image\">\n<figure class=\"aligncenter size-large\"><img decoding=\"async\" width=\"1024\" height=\"768\" src=\"https:\/\/noticiasregionais.com.br\/wp-content\/uploads\/2024\/08\/WhatsApp-Image-2024-08-06-at-12.57.20-1024x768.jpeg\" alt=\"\" class=\"wp-image-3489\" srcset=\"https:\/\/noticiasregionais.com.br\/wp-content\/uploads\/2024\/08\/WhatsApp-Image-2024-08-06-at-12.57.20-1024x768.jpeg 1024w, https:\/\/noticiasregionais.com.br\/wp-content\/uploads\/2024\/08\/WhatsApp-Image-2024-08-06-at-12.57.20-300x225.jpeg 300w, https:\/\/noticiasregionais.com.br\/wp-content\/uploads\/2024\/08\/WhatsApp-Image-2024-08-06-at-12.57.20-768x576.jpeg 768w, https:\/\/noticiasregionais.com.br\/wp-content\/uploads\/2024\/08\/WhatsApp-Image-2024-08-06-at-12.57.20-1536x1152.jpeg 1536w, https:\/\/noticiasregionais.com.br\/wp-content\/uploads\/2024\/08\/WhatsApp-Image-2024-08-06-at-12.57.20.jpeg 1600w\" sizes=\"(max-width: 1024px) 100vw, 1024px\" \/><\/figure>\n<\/div><input type=\"hidden\" id=\"baseurl\" value=\"https:\/\/noticiasregionais.com.br\"><input type=\"hidden\" id=\"audio_nonce\" value=\"533fbb67b1\">","protected":false},"excerpt":{"rendered":"<p>Um grave acidente de tr\u00e2nsito deixou duas pessoas mortas na manh\u00e3 desta ter\u00e7a-feira, 06 de agosto, na BR-369, pr\u00f3ximo ao&hellip;<\/p>\n","protected":false},"author":1,"featured_media":3490,"comment_status":"closed","ping_status":"open","sticky":false,"template":"","format":"standard","meta":{"sfsi_plus_gutenberg_text_before_share":"","sfsi_plus_gutenberg_show_text_before_share":"","sfsi_plus_gutenberg_icon_type":"","sfsi_plus_gutenberg_icon_alignemt":"","sfsi_plus_gutenburg_max_per_row":"","footnotes":""},"categories":[7,12,1],"tags":[],"class_list":["post-3488","post","type-post","status-publish","format-standard","has-post-thumbnail","hentry","category-parana","category-capa","category-noticias"],"_links":{"self":[{"href":"https:\/\/noticiasregionais.com.br\/index.php?rest_route=\/wp\/v2\/posts\/3488","targetHints":{"allow":["GET"]}}],"collection":[{"href":"https:\/\/noticiasregionais.com.br\/index.php?rest_route=\/wp\/v2\/posts"}],"about":[{"href":"https:\/\/noticiasregionais.com.br\/index.php?rest_route=\/wp\/v2\/types\/post"}],"author":[{"embeddable":true,"href":"https:\/\/noticiasregionais.com.br\/index.php?rest_route=\/wp\/v2\/users\/1"}],"replies":[{"embeddable":true,"href":"https:\/\/noticiasregionais.com.br\/index.php?rest_route=%2Fwp%2Fv2%2Fcomments&post=3488"}],"version-history":[{"count":1,"href":"https:\/\/noticiasregionais.com.br\/index.php?rest_route=\/wp\/v2\/posts\/3488\/revisions"}],"predecessor-version":[{"id":3491,"href":"https:\/\/noticiasregionais.com.br\/index.php?rest_route=\/wp\/v2\/posts\/3488\/revisions\/3491"}],"wp:featuredmedia":[{"embeddable":true,"href":"https:\/\/noticiasregionais.com.br\/index.php?rest_route=\/wp\/v2\/media\/3490"}],"wp:attachment":[{"href":"https:\/\/noticiasregionais.com.br\/index.php?rest_route=%2Fwp%2Fv2%2Fmedia&parent=3488"}],"wp:term":[{"taxonomy":"category","embeddable":true,"href":"https:\/\/noticiasregionais.com.br\/index.php?rest_route=%2Fwp%2Fv2%2Fcategories&post=3488"},{"taxonomy":"post_tag","embeddable":true,"href":"https:\/\/noticiasregionais.com.br\/index.php?rest_route=%2Fwp%2Fv2%2Ftags&post=3488"}],"curies":[{"name":"wp","href":"https:\/\/api.w.org\/{rel}","templated":true}]}}