{"id":3492,"date":"2024-08-07T12:47:11","date_gmt":"2024-08-07T15:47:11","guid":{"rendered":"https:\/\/noticiasregionais.com.br\/?p=3492"},"modified":"2024-08-07T12:47:16","modified_gmt":"2024-08-07T15:47:16","slug":"baep-prende-individuo-com-mais-de-10-kg-de-drogas-na-regiao","status":"publish","type":"post","link":"https:\/\/noticiasregionais.com.br\/?p=3492","title":{"rendered":"BAEP prende indiv\u00edduo com mais de 10 Kg de drogas na regi\u00e3o"},"content":{"rendered":"\n<p>Na noite desta segunda-feira (06), por volta das 18h20, policiais militares do 13\u00ba Batalh\u00e3o de A\u00e7\u00f5es Especiais de Pol\u00edcia (BAEP) realizaram a pris\u00e3o de um indiv\u00edduo com mais de 10 quilos de drogas no Bairro Ferradura Mirim, em Bauru.<\/p>\n\n\n\n<p>Durante um patrulhamento de a\u00e7\u00f5es especiais de pol\u00edcia na Rua Quatro, a equipe avistou um homem que, ao perceber a aproxima\u00e7\u00e3o policial, demonstrou nervosismo e tentou fugir. Os policiais conseguiram intercept\u00e1-lo e, ao realizar a abordagem, encontraram duas mochilas sob sua posse, contendo uma grande quantidade de entorpecentes e materiais relacionados ao tr\u00e1fico.<\/p>\n\n\n\n<h3 class=\"wp-block-heading\">Drogas e Materiais Apreendidos<\/h3>\n\n\n\n<ul class=\"wp-block-list\">\n<li>9 tijolos e 224 por\u00e7\u00f5es de maconha<\/li>\n\n\n\n<li>1,160 kg de coca\u00edna em uma sacola pl\u00e1stica<\/li>\n\n\n\n<li>600 eppendorfs vazios<\/li>\n\n\n\n<li>2 tijolos e 240 por\u00e7\u00f5es de crack<\/li>\n\n\n\n<li>R$ 4.879,00 em esp\u00e9cie<\/li>\n\n\n\n<li>1 balan\u00e7a de precis\u00e3o de pequeno porte<\/li>\n\n\n\n<li>Anota\u00e7\u00f5es da contabilidade do tr\u00e1fico de drogas<\/li>\n\n\n\n<li>Outros objetos relacionados ao embalo e fracionamento de drogas<\/li>\n<\/ul>\n\n\n\n<p>O indiv\u00edduo foi conduzido ao distrito policial de Bauru, onde a autoridade de plant\u00e3o ratificou a voz de pris\u00e3o e elaborou o Boletim de Ocorr\u00eancia Policial (BOPC). O suspeito permanece preso \u00e0 disposi\u00e7\u00e3o da Pol\u00edcia Judici\u00e1ria.<\/p>\n\n\n\n<p>Essa a\u00e7\u00e3o refor\u00e7a o compromisso da Pol\u00edcia Militar em combater o tr\u00e1fico de drogas e garantir a seguran\u00e7a da comunidade.<\/p>\n<input type=\"hidden\" id=\"baseurl\" value=\"https:\/\/noticiasregionais.com.br\"><input type=\"hidden\" id=\"audio_nonce\" value=\"3cdc555a10\">","protected":false},"excerpt":{"rendered":"<p>Na noite desta segunda-feira (06), por volta das 18h20, policiais militares do 13\u00ba Batalh\u00e3o de A\u00e7\u00f5es Especiais de Pol\u00edcia (BAEP)&hellip;<\/p>\n","protected":false},"author":1,"featured_media":3493,"comment_status":"closed","ping_status":"open","sticky":false,"template":"","format":"standard","meta":{"sfsi_plus_gutenberg_text_before_share":"","sfsi_plus_gutenberg_show_text_before_share":"","sfsi_plus_gutenberg_icon_type":"","sfsi_plus_gutenberg_icon_alignemt":"","sfsi_plus_gutenburg_max_per_row":"","footnotes":""},"categories":[6,10,1],"tags":[],"class_list":["post-3492","post","type-post","status-publish","format-standard","has-post-thumbnail","hentry","category-sao_paulo","category-destaques","category-noticias"],"_links":{"self":[{"href":"https:\/\/noticiasregionais.com.br\/index.php?rest_route=\/wp\/v2\/posts\/3492","targetHints":{"allow":["GET"]}}],"collection":[{"href":"https:\/\/noticiasregionais.com.br\/index.php?rest_route=\/wp\/v2\/posts"}],"about":[{"href":"https:\/\/noticiasregionais.com.br\/index.php?rest_route=\/wp\/v2\/types\/post"}],"author":[{"embeddable":true,"href":"https:\/\/noticiasregionais.com.br\/index.php?rest_route=\/wp\/v2\/users\/1"}],"replies":[{"embeddable":true,"href":"https:\/\/noticiasregionais.com.br\/index.php?rest_route=%2Fwp%2Fv2%2Fcomments&post=3492"}],"version-history":[{"count":1,"href":"https:\/\/noticiasregionais.com.br\/index.php?rest_route=\/wp\/v2\/posts\/3492\/revisions"}],"predecessor-version":[{"id":3494,"href":"https:\/\/noticiasregionais.com.br\/index.php?rest_route=\/wp\/v2\/posts\/3492\/revisions\/3494"}],"wp:featuredmedia":[{"embeddable":true,"href":"https:\/\/noticiasregionais.com.br\/index.php?rest_route=\/wp\/v2\/media\/3493"}],"wp:attachment":[{"href":"https:\/\/noticiasregionais.com.br\/index.php?rest_route=%2Fwp%2Fv2%2Fmedia&parent=3492"}],"wp:term":[{"taxonomy":"category","embeddable":true,"href":"https:\/\/noticiasregionais.com.br\/index.php?rest_route=%2Fwp%2Fv2%2Fcategories&post=3492"},{"taxonomy":"post_tag","embeddable":true,"href":"https:\/\/noticiasregionais.com.br\/index.php?rest_route=%2Fwp%2Fv2%2Ftags&post=3492"}],"curies":[{"name":"wp","href":"https:\/\/api.w.org\/{rel}","templated":true}]}}