{"id":3496,"date":"2024-08-07T18:45:35","date_gmt":"2024-08-07T21:45:35","guid":{"rendered":"https:\/\/noticiasregionais.com.br\/?p=3496"},"modified":"2024-08-07T18:50:06","modified_gmt":"2024-08-07T21:50:06","slug":"pm-apreende-25-kg-de-maconha-em-onibus-durante-operacao-conjunta-na-rodovia-orlando-quagliato","status":"publish","type":"post","link":"https:\/\/noticiasregionais.com.br\/?p=3496","title":{"rendered":"PM apreende 25 kg de maconha em \u00f4nibus durante opera\u00e7\u00e3o conjunta na Rodovia Orlando Quagliato"},"content":{"rendered":"\n<p class=\"has-text-align-center\"><strong>Mulher de 21 anos \u00e9 presa transportando drogas em bagagem, com destino a S\u00e3o Paulo<\/strong><\/p>\n\n\n\n<p>Em uma a\u00e7\u00e3o conjunta, a Pol\u00edcia Militar, atrav\u00e9s da equipe K9 do 13\u00ba BAEP, e a Pol\u00edcia Rodovi\u00e1ria (TOR) interceptaram um \u00f4nibus de linha interestadual na Rodovia Orlando Quagliato, km 14, na pra\u00e7a de ped\u00e1gio de Santa Cruz do Rio Pardo, na manh\u00e3 desta ter\u00e7a-feira (07). A opera\u00e7\u00e3o, direcionada ao combate ao tr\u00e1fico de drogas e armas, resultou na pris\u00e3o de uma mulher de 21 anos, flagrada transportando 25,541 kg de maconha.<\/p>\n\n\n\n<p>Durante a abordagem, o c\u00e3o farejador da Pol\u00edcia Militar indicou duas malas localizadas no bagageiro do \u00f4nibus. Ao verificar o mapa de passageiros, os policiais identificaram Nathanyelen S. S. como propriet\u00e1ria das bagagens. A jovem, mesmo com os direitos constitucionais garantidos, confessou ter pego as drogas na cidade de Cascavel (PR) e que as levaria para S\u00e3o Paulo.<\/p>\n\n\n\n<p>A acusada foi conduzida \u00e0 Central de Pol\u00edcia Judici\u00e1ria (CPJ) de Santa Cruz do Rio Pardo, onde permaneceu \u00e0 disposi\u00e7\u00e3o da Justi\u00e7a.<\/p>\n\n\n\n<figure class=\"wp-block-gallery has-nested-images columns-default is-cropped wp-block-gallery-1 is-layout-flex wp-block-gallery-is-layout-flex\">\n<figure class=\"wp-block-image size-large\"><a href=\"https:\/\/noticiasregionais.com.br\/wp-content\/uploads\/2024\/08\/WhatsApp-Image-2024-08-07-at-18.24.42-2.jpeg\"><img decoding=\"async\" width=\"1024\" height=\"631\" data-id=\"3500\" src=\"https:\/\/noticiasregionais.com.br\/wp-content\/uploads\/2024\/08\/WhatsApp-Image-2024-08-07-at-18.24.42-2-1024x631.jpeg\" alt=\"\" class=\"wp-image-3500\" srcset=\"https:\/\/noticiasregionais.com.br\/wp-content\/uploads\/2024\/08\/WhatsApp-Image-2024-08-07-at-18.24.42-2-1024x631.jpeg 1024w, https:\/\/noticiasregionais.com.br\/wp-content\/uploads\/2024\/08\/WhatsApp-Image-2024-08-07-at-18.24.42-2-300x185.jpeg 300w, https:\/\/noticiasregionais.com.br\/wp-content\/uploads\/2024\/08\/WhatsApp-Image-2024-08-07-at-18.24.42-2-768x473.jpeg 768w, https:\/\/noticiasregionais.com.br\/wp-content\/uploads\/2024\/08\/WhatsApp-Image-2024-08-07-at-18.24.42-2-1536x946.jpeg 1536w, https:\/\/noticiasregionais.com.br\/wp-content\/uploads\/2024\/08\/WhatsApp-Image-2024-08-07-at-18.24.42-2.jpeg 1564w\" sizes=\"(max-width: 1024px) 100vw, 1024px\" \/><\/a><\/figure>\n\n\n\n<figure class=\"wp-block-image size-large\"><a href=\"https:\/\/noticiasregionais.com.br\/wp-content\/uploads\/2024\/08\/WhatsApp-Image-2024-08-07-at-18.24.41.jpeg\"><img decoding=\"async\" width=\"717\" height=\"935\" data-id=\"3497\" src=\"https:\/\/noticiasregionais.com.br\/wp-content\/uploads\/2024\/08\/WhatsApp-Image-2024-08-07-at-18.24.41.jpeg\" alt=\"\" class=\"wp-image-3497\" srcset=\"https:\/\/noticiasregionais.com.br\/wp-content\/uploads\/2024\/08\/WhatsApp-Image-2024-08-07-at-18.24.41.jpeg 717w, https:\/\/noticiasregionais.com.br\/wp-content\/uploads\/2024\/08\/WhatsApp-Image-2024-08-07-at-18.24.41-230x300.jpeg 230w\" sizes=\"(max-width: 717px) 100vw, 717px\" \/><\/a><\/figure>\n\n\n\n<figure class=\"wp-block-image size-large\"><a href=\"https:\/\/noticiasregionais.com.br\/wp-content\/uploads\/2024\/08\/WhatsApp-Image-2024-08-07-at-18.24.42.jpeg\"><img decoding=\"async\" width=\"717\" height=\"444\" data-id=\"3508\" src=\"https:\/\/noticiasregionais.com.br\/wp-content\/uploads\/2024\/08\/WhatsApp-Image-2024-08-07-at-18.24.42.jpeg\" alt=\"\" class=\"wp-image-3508\" srcset=\"https:\/\/noticiasregionais.com.br\/wp-content\/uploads\/2024\/08\/WhatsApp-Image-2024-08-07-at-18.24.42.jpeg 717w, https:\/\/noticiasregionais.com.br\/wp-content\/uploads\/2024\/08\/WhatsApp-Image-2024-08-07-at-18.24.42-300x186.jpeg 300w\" sizes=\"(max-width: 717px) 100vw, 717px\" \/><\/a><\/figure>\n\n\n\n<figure class=\"wp-block-image size-large\"><a href=\"https:\/\/noticiasregionais.com.br\/wp-content\/uploads\/2024\/08\/WhatsApp-Image-2024-08-07-at-18.24.42-3-2.jpeg\"><img decoding=\"async\" width=\"720\" height=\"628\" data-id=\"3506\" src=\"https:\/\/noticiasregionais.com.br\/wp-content\/uploads\/2024\/08\/WhatsApp-Image-2024-08-07-at-18.24.42-3-2.jpeg\" alt=\"\" class=\"wp-image-3506\" srcset=\"https:\/\/noticiasregionais.com.br\/wp-content\/uploads\/2024\/08\/WhatsApp-Image-2024-08-07-at-18.24.42-3-2.jpeg 720w, https:\/\/noticiasregionais.com.br\/wp-content\/uploads\/2024\/08\/WhatsApp-Image-2024-08-07-at-18.24.42-3-2-300x262.jpeg 300w\" sizes=\"(max-width: 720px) 100vw, 720px\" \/><\/a><\/figure>\n<\/figure>\n<input type=\"hidden\" id=\"baseurl\" value=\"https:\/\/noticiasregionais.com.br\"><input type=\"hidden\" id=\"audio_nonce\" value=\"3cdc555a10\">","protected":false},"excerpt":{"rendered":"<p>Mulher de 21 anos \u00e9 presa transportando drogas em bagagem, com destino a S\u00e3o Paulo Em uma a\u00e7\u00e3o conjunta, a&hellip;<\/p>\n","protected":false},"author":1,"featured_media":3499,"comment_status":"closed","ping_status":"open","sticky":false,"template":"","format":"standard","meta":{"sfsi_plus_gutenberg_text_before_share":"","sfsi_plus_gutenberg_show_text_before_share":"","sfsi_plus_gutenberg_icon_type":"","sfsi_plus_gutenberg_icon_alignemt":"","sfsi_plus_gutenburg_max_per_row":"","footnotes":""},"categories":[6,12,1],"tags":[],"class_list":["post-3496","post","type-post","status-publish","format-standard","has-post-thumbnail","hentry","category-sao_paulo","category-capa","category-noticias"],"_links":{"self":[{"href":"https:\/\/noticiasregionais.com.br\/index.php?rest_route=\/wp\/v2\/posts\/3496","targetHints":{"allow":["GET"]}}],"collection":[{"href":"https:\/\/noticiasregionais.com.br\/index.php?rest_route=\/wp\/v2\/posts"}],"about":[{"href":"https:\/\/noticiasregionais.com.br\/index.php?rest_route=\/wp\/v2\/types\/post"}],"author":[{"embeddable":true,"href":"https:\/\/noticiasregionais.com.br\/index.php?rest_route=\/wp\/v2\/users\/1"}],"replies":[{"embeddable":true,"href":"https:\/\/noticiasregionais.com.br\/index.php?rest_route=%2Fwp%2Fv2%2Fcomments&post=3496"}],"version-history":[{"count":2,"href":"https:\/\/noticiasregionais.com.br\/index.php?rest_route=\/wp\/v2\/posts\/3496\/revisions"}],"predecessor-version":[{"id":3510,"href":"https:\/\/noticiasregionais.com.br\/index.php?rest_route=\/wp\/v2\/posts\/3496\/revisions\/3510"}],"wp:featuredmedia":[{"embeddable":true,"href":"https:\/\/noticiasregionais.com.br\/index.php?rest_route=\/wp\/v2\/media\/3499"}],"wp:attachment":[{"href":"https:\/\/noticiasregionais.com.br\/index.php?rest_route=%2Fwp%2Fv2%2Fmedia&parent=3496"}],"wp:term":[{"taxonomy":"category","embeddable":true,"href":"https:\/\/noticiasregionais.com.br\/index.php?rest_route=%2Fwp%2Fv2%2Fcategories&post=3496"},{"taxonomy":"post_tag","embeddable":true,"href":"https:\/\/noticiasregionais.com.br\/index.php?rest_route=%2Fwp%2Fv2%2Ftags&post=3496"}],"curies":[{"name":"wp","href":"https:\/\/api.w.org\/{rel}","templated":true}]}}