{"id":351,"date":"2023-09-13T07:09:24","date_gmt":"2023-09-13T10:09:24","guid":{"rendered":"https:\/\/noticiasregionais.com.br\/?p=351"},"modified":"2023-09-13T07:09:25","modified_gmt":"2023-09-13T10:09:25","slug":"rosa-weber-libera-descriminalizacao-do-aborto-para-julgamento","status":"publish","type":"post","link":"https:\/\/noticiasregionais.com.br\/?p=351","title":{"rendered":"Rosa Weber libera descriminaliza\u00e7\u00e3o do aborto para julgamento"},"content":{"rendered":"\n<p>A presidente do Supremo Tribunal Federal (STF), ministra Rosa Weber, liberou ontem (12) para julgamento a a\u00e7\u00e3o que pretende descriminalizar o aborto at\u00e9 a 12\u00aa semana de gravidez.<img decoding=\"async\" src=\"https:\/\/agenciabrasil.ebc.com.br\/ebc.png?id=1554896&amp;o=node\"><img decoding=\"async\" src=\"https:\/\/agenciabrasil.ebc.com.br\/ebc.gif?id=1554896&amp;o=node\"><\/p>\n\n\n\n<p>Apesar da libera\u00e7\u00e3o do caso para an\u00e1lise da Corte, a data do julgamento ainda n\u00e3o foi definida.&nbsp; A ministra \u00e9 relatora do caso e se aposentar\u00e1 no final deste m\u00eas ao completar 75 anos.<\/p>\n\n\n\n<p>Desde 2017, uma a\u00e7\u00e3o protocolada pelo PSOL tramita na Corte. O partido defende que a interrup\u00e7\u00e3o da gravidez at\u00e9 a 12\u00aa semana deixe de ser crime. &nbsp;<\/p>\n\n\n\n<p>Atualmente, a legisla\u00e7\u00e3o brasileira permite o aborto em casos de estupro, risco \u00e0 vida da gestante ou fetos anenc\u00e9falos.<\/p>\n\n\n\n<p>Em 2018, o Supremo realizou uma audi\u00eancia p\u00fablica para debater o assunto com especialistas contr\u00e1rios e favor\u00e1veis \u00e0 interrup\u00e7\u00e3o.<\/p>\n\n\n\n<p><sub>fonte: Ag\u00eancia Brasil &#8211; EBC<\/sub><\/p>\n<input type=\"hidden\" id=\"baseurl\" value=\"https:\/\/noticiasregionais.com.br\"><input type=\"hidden\" id=\"audio_nonce\" value=\"533fbb67b1\">","protected":false},"excerpt":{"rendered":"<p>A presidente do Supremo Tribunal Federal (STF), ministra Rosa Weber, liberou ontem (12) para julgamento a a\u00e7\u00e3o que pretende descriminalizar&hellip;<\/p>\n","protected":false},"author":1,"featured_media":352,"comment_status":"closed","ping_status":"open","sticky":false,"template":"","format":"standard","meta":{"sfsi_plus_gutenberg_text_before_share":"","sfsi_plus_gutenberg_show_text_before_share":"","sfsi_plus_gutenberg_icon_type":"","sfsi_plus_gutenberg_icon_alignemt":"","sfsi_plus_gutenburg_max_per_row":"","footnotes":""},"categories":[8,10,1],"tags":[],"class_list":["post-351","post","type-post","status-publish","format-standard","has-post-thumbnail","hentry","category-brasil","category-destaques","category-noticias"],"_links":{"self":[{"href":"https:\/\/noticiasregionais.com.br\/index.php?rest_route=\/wp\/v2\/posts\/351","targetHints":{"allow":["GET"]}}],"collection":[{"href":"https:\/\/noticiasregionais.com.br\/index.php?rest_route=\/wp\/v2\/posts"}],"about":[{"href":"https:\/\/noticiasregionais.com.br\/index.php?rest_route=\/wp\/v2\/types\/post"}],"author":[{"embeddable":true,"href":"https:\/\/noticiasregionais.com.br\/index.php?rest_route=\/wp\/v2\/users\/1"}],"replies":[{"embeddable":true,"href":"https:\/\/noticiasregionais.com.br\/index.php?rest_route=%2Fwp%2Fv2%2Fcomments&post=351"}],"version-history":[{"count":1,"href":"https:\/\/noticiasregionais.com.br\/index.php?rest_route=\/wp\/v2\/posts\/351\/revisions"}],"predecessor-version":[{"id":353,"href":"https:\/\/noticiasregionais.com.br\/index.php?rest_route=\/wp\/v2\/posts\/351\/revisions\/353"}],"wp:featuredmedia":[{"embeddable":true,"href":"https:\/\/noticiasregionais.com.br\/index.php?rest_route=\/wp\/v2\/media\/352"}],"wp:attachment":[{"href":"https:\/\/noticiasregionais.com.br\/index.php?rest_route=%2Fwp%2Fv2%2Fmedia&parent=351"}],"wp:term":[{"taxonomy":"category","embeddable":true,"href":"https:\/\/noticiasregionais.com.br\/index.php?rest_route=%2Fwp%2Fv2%2Fcategories&post=351"},{"taxonomy":"post_tag","embeddable":true,"href":"https:\/\/noticiasregionais.com.br\/index.php?rest_route=%2Fwp%2Fv2%2Ftags&post=351"}],"curies":[{"name":"wp","href":"https:\/\/api.w.org\/{rel}","templated":true}]}}