{"id":3511,"date":"2024-08-13T08:43:28","date_gmt":"2024-08-13T11:43:28","guid":{"rendered":"https:\/\/noticiasregionais.com.br\/?p=3511"},"modified":"2024-08-13T08:43:30","modified_gmt":"2024-08-13T11:43:30","slug":"tst-derruba-retencao-ilegal-de-gorjetas-em-acordo-coletivo","status":"publish","type":"post","link":"https:\/\/noticiasregionais.com.br\/?p=3511","title":{"rendered":"TST derruba reten\u00e7\u00e3o ilegal de gorjetas em acordo coletivo"},"content":{"rendered":"\n<p class=\"has-text-align-center\"><strong>A 6\u00aa Turma do Tribunal Superior do Trabalho (TST) manteve a invalidade de norma coletiva que previa a reten\u00e7\u00e3o de gorjetas dos trabalhadores para dividir o valor entre empregador e sindicato. A reten\u00e7\u00e3o era superior \u00e0 prevista na legisla\u00e7\u00e3o. Hotel do Rio de Janeiro deve restituir os valores retidos.<\/strong><\/p>\n\n\n\n<p>A 6\u00aa Turma &nbsp;do Tribunal Superior do Trabalho (TST) manteve a decis\u00e3o do Tribunal Regional do Trabalho da 1\u00aa Regi\u00e3o do Rio de Janeiro (TRT\/RJ) para invalidar a norma coletiva que previa a reten\u00e7\u00e3o de gorjetas dos trabalhadores. Nesse caso, os valores das gorjetas eram divididos entre empregador e sindicato, e a reten\u00e7\u00e3o era superior aos 33% previstos na CLT.<\/p>\n\n\n\n<p>A 6\u00aa Turma considerou a reten\u00e7\u00e3o da parcela em percentual superior ao previsto em lei e sem destina\u00e7\u00e3o exclusiva para pagamento de encargos sociais, trabalhistas ou previdenci\u00e1rios como uma medida abusiva. Segundo o colegiado, a a\u00e7\u00e3o caracteriza apropria\u00e7\u00e3o indevida de remunera\u00e7\u00e3o.&nbsp;<\/p>\n\n\n\n<p>O especialista em Direito do trabalho e processo do trabalho, do escrit\u00f3rio Lara Martins Advogados, Gilmar Afonso Rocha J\u00fanior, destaca a relev\u00e2ncia da decis\u00e3o do TST para aplica\u00e7\u00e3o da legisla\u00e7\u00e3o vigente.<\/p>\n\n\n\n<p>\u201cA relev\u00e2ncia da decis\u00e3o para os trabalhadores que recebem gorjeta \u00e9 que fica garantida a quest\u00e3o legal estabelecida. Veio com a legisla\u00e7\u00e3o junto com a reforma trabalhista, a previs\u00e3o legal a respeito da reten\u00e7\u00e3o de gorjetas pelo empregador, onde abrange um teto de percentual espec\u00edfico para cada finalidade que vai se dar.&nbsp;<\/p>\n\n\n\n<p>Segundo o especialista em direito do trabalho, s\u00f3cio do escrit\u00f3rio Ambiel Advogados, Alo\u00edsio Costa Junior, a medida p\u00f5e fim a um problema de aplica\u00e7\u00e3o da lei que alterou a CLT.&nbsp;<\/p>\n\n\n\n<p>\u201cA decis\u00e3o \u00e9 importante porque resolve uma aparente confus\u00e3o na aplica\u00e7\u00e3o da Lei 3.419 de 2017, que alterou a CLT para disciplinar quest\u00f5es sobre o pagamento e distribui\u00e7\u00e3o de gorjetas. Essa confus\u00e3o se d\u00e1 porque essa lei diz que o empregador poderia reter, a depender do seu regime tribut\u00e1rio, poderia reter de 20% a 33% do valor das gorjetas para pagamento de encargos sociais, previdenci\u00e1rios e trabalhistas.\u201d, ressalta Alo\u00edsio Costa Junior.<\/p>\n\n\n\n<p>Alo\u00edsio Costa Junior destaca, ainda, o papel da medida para correta destina\u00e7\u00e3o e aplica\u00e7\u00e3o desse dinheiro proveniente de gorjetas. \u201cA import\u00e2ncia aqui \u00e9 para que se reconhe\u00e7a que as gorjetas s\u00e3o do trabalhador e devem ser revertidas em prol do trabalhador, n\u00e3o podendo nem o sindicato dos trabalhadores, nem a pr\u00f3pria empresa se apropriar de qualquer valor a esse respeito.\u201d<\/p>\n\n\n\n<p>De acordo com o especialista, as regras gerais n\u00e3o est\u00e3o alteradas a partir da decis\u00e3o do TST. \u201cNada muda, porque a legisla\u00e7\u00e3o j\u00e1 previa essa quest\u00e3o;&nbsp;apenas se corrigiu um abuso praticado aqui nesse caso espec\u00edfico l\u00e1 do Rio de Janeiro\u201d, salienta Alo\u00edsio.<\/p>\n\n\n\n<h2 class=\"wp-block-heading\">Entenda o caso<\/h2>\n\n\n\n<p>Um encarregado de materiais que trabalhou de 1974 a 2010 no Hotel Intercontinental Hoteleira Ltda., no Rio de Janeiro (RJ), moveu a a\u00e7\u00e3o trabalhista contra a empresa. O trabalhador tinha uma parte fixa de remunera\u00e7\u00e3o e outra uma vari\u00e1vel \u2013 que vinha das gorjetas pagas pelos clientes. Segundo o encarregado, apenas 30% do montante verba era distribu\u00eddo aos empregados.&nbsp;<\/p>\n\n\n\n<p>Em defesa, a empresa destacou que as gorjetas eram inclu\u00eddas de forma compuls\u00f3ria nas notas de taxa de servi\u00e7o no percentual de 10%. Al\u00e9m disso, 35% do montante arrecadado mensalmente entrava na reten\u00e7\u00e3o para a empresa e sindicato profissional \u2013 seguindo normas de acordos coletivos.&nbsp;<\/p>\n\n\n\n<p>O ju\u00edzo de primeiro grau e o TRT\/RJ concordaram que o percentual de reten\u00e7\u00e3o das gorjetas era superior aos 33% previstos na CLT. Al\u00e9m disso, excedeu os limites da atua\u00e7\u00e3o da negocia\u00e7\u00e3o coletiva. Sendo assim, o hotel do RJ dever\u00e1 devolver as gorjetas.<br>&nbsp;<\/p>\n\n\n\n<p>Fonte: <a href=\"https:\/\/brasil61.com\/n\/tst-derruba-retencao-ilegal-de-gorjetas-em-acordo-coletivo-bras2412377\" target=\"_blank\" rel=\"noreferrer noopener\">Brasil 61<\/a><\/p>\n<input type=\"hidden\" id=\"baseurl\" value=\"https:\/\/noticiasregionais.com.br\"><input type=\"hidden\" id=\"audio_nonce\" value=\"533fbb67b1\">","protected":false},"excerpt":{"rendered":"<p>A 6\u00aa Turma do Tribunal Superior do Trabalho (TST) manteve a invalidade de norma coletiva que previa a reten\u00e7\u00e3o de&hellip;<\/p>\n","protected":false},"author":1,"featured_media":3512,"comment_status":"closed","ping_status":"open","sticky":false,"template":"","format":"standard","meta":{"sfsi_plus_gutenberg_text_before_share":"","sfsi_plus_gutenberg_show_text_before_share":"","sfsi_plus_gutenberg_icon_type":"","sfsi_plus_gutenberg_icon_alignemt":"","sfsi_plus_gutenburg_max_per_row":"","footnotes":""},"categories":[8,10,1],"tags":[],"class_list":["post-3511","post","type-post","status-publish","format-standard","has-post-thumbnail","hentry","category-brasil","category-destaques","category-noticias"],"_links":{"self":[{"href":"https:\/\/noticiasregionais.com.br\/index.php?rest_route=\/wp\/v2\/posts\/3511","targetHints":{"allow":["GET"]}}],"collection":[{"href":"https:\/\/noticiasregionais.com.br\/index.php?rest_route=\/wp\/v2\/posts"}],"about":[{"href":"https:\/\/noticiasregionais.com.br\/index.php?rest_route=\/wp\/v2\/types\/post"}],"author":[{"embeddable":true,"href":"https:\/\/noticiasregionais.com.br\/index.php?rest_route=\/wp\/v2\/users\/1"}],"replies":[{"embeddable":true,"href":"https:\/\/noticiasregionais.com.br\/index.php?rest_route=%2Fwp%2Fv2%2Fcomments&post=3511"}],"version-history":[{"count":1,"href":"https:\/\/noticiasregionais.com.br\/index.php?rest_route=\/wp\/v2\/posts\/3511\/revisions"}],"predecessor-version":[{"id":3513,"href":"https:\/\/noticiasregionais.com.br\/index.php?rest_route=\/wp\/v2\/posts\/3511\/revisions\/3513"}],"wp:featuredmedia":[{"embeddable":true,"href":"https:\/\/noticiasregionais.com.br\/index.php?rest_route=\/wp\/v2\/media\/3512"}],"wp:attachment":[{"href":"https:\/\/noticiasregionais.com.br\/index.php?rest_route=%2Fwp%2Fv2%2Fmedia&parent=3511"}],"wp:term":[{"taxonomy":"category","embeddable":true,"href":"https:\/\/noticiasregionais.com.br\/index.php?rest_route=%2Fwp%2Fv2%2Fcategories&post=3511"},{"taxonomy":"post_tag","embeddable":true,"href":"https:\/\/noticiasregionais.com.br\/index.php?rest_route=%2Fwp%2Fv2%2Ftags&post=3511"}],"curies":[{"name":"wp","href":"https:\/\/api.w.org\/{rel}","templated":true}]}}