{"id":3520,"date":"2024-08-15T08:54:45","date_gmt":"2024-08-15T11:54:45","guid":{"rendered":"https:\/\/noticiasregionais.com.br\/?p=3520"},"modified":"2024-08-15T09:19:01","modified_gmt":"2024-08-15T12:19:01","slug":"divulgacandcontas-conheca-as-candidaturas-ja-disponiveis-na-plataforma","status":"publish","type":"post","link":"https:\/\/noticiasregionais.com.br\/?p=3520","title":{"rendered":"DivulgaCandContas: conhe\u00e7a as candidaturas j\u00e1 dispon\u00edveis na plataforma"},"content":{"rendered":"\n<p class=\"has-text-align-center\"><strong>Em Ourinhos s\u00e3o 4 candidatos a Prefeito, 4 Vice Prefeitos e 218 Vereadores j\u00e1 listados como concorrentes para as Elei\u00e7\u00f5es 2024<\/strong><\/p>\n\n\n\n<p>A plataforma respons\u00e1vel pela divulga\u00e7\u00e3o das candidaturas registradas em todo o Brasil para as Elei\u00e7\u00f5es Municipais de 2024 (<a href=\"https:\/\/divulgacandcontas.tse.jus.br\/divulga\/#\/home\" target=\"_blank\" rel=\"noopener\">DivulgaCandContas<\/a>) j\u00e1 pode ser consultada na p\u00e1gina do Tribunal Superior Eleitoral (TSE) para a verifica\u00e7\u00e3o das informa\u00e7\u00f5es j\u00e1 recebidas. Os pedidos de registro de candidaturas podem ser feitos at\u00e9 hoje, 15 de agosto.&nbsp;<\/p>\n\n\n\n<p>A plataforma apresenta informa\u00e7\u00f5es sobre todas as pessoas que pediram registro de candidatura \u00e0 Justi\u00e7a Eleitoral em diversos pleitos, as contas eleitorais e tamb\u00e9m as dos partidos pol\u00edticos envolvidos. Os objetivos s\u00e3o garantir a total transpar\u00eancia dos dados, tornar dispon\u00edvel um conhecimento detalhado, assim como oferecer \u00e0s eleitoras e aos eleitores mais subs\u00eddios para que possam escolher candidatas e candidatos aos cargos de prefeito e de vereador nas elei\u00e7\u00f5es de outubro.<\/p>\n\n\n\n<p>Para acessar o sistema, n\u00e3o h\u00e1 necessidade de cadastro pr\u00e9vio ou de autentica\u00e7\u00e3o. Confira a seguir como utilizar a plataforma.<\/p>\n\n\n\n<p><a href=\"https:\/\/divulgacandcontas.tse.jus.br\/divulga\/#\/home\" target=\"_blank\" rel=\"noopener\">Acesse o DivulgaCandContas.<\/a><\/p>\n\n\n\n<h3 class=\"wp-block-heading\" id=\"titulo-0\">Situa\u00e7\u00f5es das candidaturas<\/h3>\n\n\n\n<p>Logo na p\u00e1gina inicial, a pessoa consegue acompanhar todos os pedidos de registro de candidatura feitos at\u00e9 o momento do acesso. Os dados s\u00e3o atualizados a cada hora. At\u00e9 as 08h desta quinta-feira (15), o DivulgaCandContas 2024 dispunha de informa\u00e7\u00f5es no estado de S\u00e3o Paulo sobre 1.774 prefeitos, 1.774 vice-prefeitos e 60.556 vereadores.<\/p>\n\n\n\n<p>Na p\u00e1gina, basta selecionar uma regi\u00e3o de interesse e, em seguida, uma unidade da Federa\u00e7\u00e3o. A partir da\u00ed, \u00e9 poss\u00edvel acessar informa\u00e7\u00f5es sobre os cargos, as candidaturas e as atas das conven\u00e7\u00f5es partid\u00e1rias que j\u00e1 tenham ocorrido, bem como os resumos das presta\u00e7\u00f5es de contas dos partidos, quando forem apresentadas.<\/p>\n\n\n\n<p>Ao acessar individualmente cada candidatura lan\u00e7ada, \u00e9 poss\u00edvel acompanhar a situa\u00e7\u00e3o do registro (deferido, deferido com recurso, indeferido, indeferido com recurso), al\u00e9m de obter informa\u00e7\u00f5es b\u00e1sicas como foto, nome e n\u00famero que constar\u00e3o na urna eletr\u00f4nica, e se a candidata ou o candidato concorre por partido, coliga\u00e7\u00e3o ou federa\u00e7\u00e3o. \u00c9 tamb\u00e9m nesse espa\u00e7o que a eleitora ou o eleitor pode conhecer as propostas de governo dos postulantes ao cargo de prefeito, os bens declarados e as certid\u00f5es criminais apresentadas, entre outros dados.<\/p>\n\n\n\n<h3 class=\"wp-block-heading\" id=\"titulo-1\">Presta\u00e7\u00e3o de contas<\/h3>\n\n\n\n<p>O DivulgaCandContas \u00e9 tamb\u00e9m uma importante ferramenta de obten\u00e7\u00e3o de informa\u00e7\u00f5es relativas \u00e0s presta\u00e7\u00f5es de contas. Al\u00e9m das informa\u00e7\u00f5es publicadas nas p\u00e1ginas das candidatas e dos candidatos no pleito, a p\u00e1gina inicial da plataforma permite consultas espec\u00edficas, tais como contribui\u00e7\u00f5es e&nbsp;<em>ranking&nbsp;<\/em>de doadores e fornecedores, limite de gastos, sobras e d\u00edvidas de campanha e financiamento coletivo.<\/p>\n\n\n\n<p>No ambiente, \u00e9 poss\u00edvel, ainda, fazer o comparativo entre candidaturas sobre os totais de recursos arrecadados e gastos de campanha. Por meio da p\u00e1gina, a usu\u00e1ria ou o usu\u00e1rio pode tamb\u00e9m ser redirecionado para pesquisas mais aprofundadas no site de estat\u00edsticas de candidaturas e no Portal de Dados Abertos.<\/p>\n<input type=\"hidden\" id=\"baseurl\" value=\"https:\/\/noticiasregionais.com.br\"><input type=\"hidden\" id=\"audio_nonce\" value=\"3cdc555a10\">","protected":false},"excerpt":{"rendered":"<p>Em Ourinhos s\u00e3o 4 candidatos a Prefeito, 4 Vice Prefeitos e 218 Vereadores j\u00e1 listados como concorrentes para as Elei\u00e7\u00f5es&hellip;<\/p>\n","protected":false},"author":1,"featured_media":3522,"comment_status":"closed","ping_status":"open","sticky":false,"template":"","format":"standard","meta":{"sfsi_plus_gutenberg_text_before_share":"","sfsi_plus_gutenberg_show_text_before_share":"","sfsi_plus_gutenberg_icon_type":"","sfsi_plus_gutenberg_icon_alignemt":"","sfsi_plus_gutenburg_max_per_row":"","footnotes":""},"categories":[8,12,1],"tags":[],"class_list":["post-3520","post","type-post","status-publish","format-standard","has-post-thumbnail","hentry","category-brasil","category-capa","category-noticias"],"_links":{"self":[{"href":"https:\/\/noticiasregionais.com.br\/index.php?rest_route=\/wp\/v2\/posts\/3520","targetHints":{"allow":["GET"]}}],"collection":[{"href":"https:\/\/noticiasregionais.com.br\/index.php?rest_route=\/wp\/v2\/posts"}],"about":[{"href":"https:\/\/noticiasregionais.com.br\/index.php?rest_route=\/wp\/v2\/types\/post"}],"author":[{"embeddable":true,"href":"https:\/\/noticiasregionais.com.br\/index.php?rest_route=\/wp\/v2\/users\/1"}],"replies":[{"embeddable":true,"href":"https:\/\/noticiasregionais.com.br\/index.php?rest_route=%2Fwp%2Fv2%2Fcomments&post=3520"}],"version-history":[{"count":2,"href":"https:\/\/noticiasregionais.com.br\/index.php?rest_route=\/wp\/v2\/posts\/3520\/revisions"}],"predecessor-version":[{"id":3527,"href":"https:\/\/noticiasregionais.com.br\/index.php?rest_route=\/wp\/v2\/posts\/3520\/revisions\/3527"}],"wp:featuredmedia":[{"embeddable":true,"href":"https:\/\/noticiasregionais.com.br\/index.php?rest_route=\/wp\/v2\/media\/3522"}],"wp:attachment":[{"href":"https:\/\/noticiasregionais.com.br\/index.php?rest_route=%2Fwp%2Fv2%2Fmedia&parent=3520"}],"wp:term":[{"taxonomy":"category","embeddable":true,"href":"https:\/\/noticiasregionais.com.br\/index.php?rest_route=%2Fwp%2Fv2%2Fcategories&post=3520"},{"taxonomy":"post_tag","embeddable":true,"href":"https:\/\/noticiasregionais.com.br\/index.php?rest_route=%2Fwp%2Fv2%2Ftags&post=3520"}],"curies":[{"name":"wp","href":"https:\/\/api.w.org\/{rel}","templated":true}]}}