{"id":3528,"date":"2024-08-15T09:21:06","date_gmt":"2024-08-15T12:21:06","guid":{"rendered":"https:\/\/noticiasregionais.com.br\/?p=3528"},"modified":"2024-08-15T09:21:17","modified_gmt":"2024-08-15T12:21:17","slug":"contrabando-de-cigarros-policiamento-rodoviario-prende-motorista-na-rodovia-raposo-tavares","status":"publish","type":"post","link":"https:\/\/noticiasregionais.com.br\/?p=3528","title":{"rendered":"Contrabando de Cigarros: Policiamento Rodovi\u00e1rio prende motorista na Rodovia Raposo Tavares"},"content":{"rendered":"\n<p><em>Data: 14 de agosto de 2024<\/em><br><em>Local: C\u00e2ndido Mota\/SP &#8211; Rodovia Raposo Tavares (SP-270), km 430<\/em><\/p>\n\n\n\n<p>Na manh\u00e3 desta quarta-feira (14), uma opera\u00e7\u00e3o policial realizada na Rodovia Raposo Tavares, no munic\u00edpio de C\u00e2ndido Mota\/SP, resultou na pris\u00e3o de um motorista por contrabando de cigarros. A a\u00e7\u00e3o fez parte da &#8220;Opera\u00e7\u00e3o Impacto&#8221;, conduzida pelo Policiamento Rodovi\u00e1rio, que abordou um caminh\u00e3o Scania\/124 L, com placas do Paraguai, tracionando um semirreboque SR\/Randon, tamb\u00e9m com placas paraguaias.<\/p>\n\n\n\n<p>O ve\u00edculo era conduzido por N.A.R., um homem de 57 anos, natural do Paraguai, que estava sozinho. Durante a vistoria minuciosa, os policiais localizaram um total de 750 caixas de cigarros da marca Eight, provenientes do Paraguai. A carga, avaliada em 375.000 ma\u00e7os de cigarros, estava escondida no semirreboque e tinha como destino final a cidade de S\u00e3o Paulo.<\/p>\n\n\n\n<p>De acordo com o depoimento do motorista, ele havia sa\u00eddo de Salto Del Gua\u00edra, no Paraguai, e estava em rota para a capital paulista. A carga de cigarros contrabandeados, juntamente com o caminh\u00e3o e o semirreboque, foi apreendida pelas autoridades.<\/p>\n\n\n\n<p>A ocorr\u00eancia foi encaminhada para a Pol\u00edcia Federal em Mar\u00edlia\/SP, onde o motorista permanece detido, aguardando a audi\u00eancia de cust\u00f3dia que determinar\u00e1 os pr\u00f3ximos passos do processo legal. O caso refor\u00e7a a import\u00e2ncia das opera\u00e7\u00f5es de fiscaliza\u00e7\u00e3o nas rodovias para combater o contrabando e outros crimes transnacionais.<\/p>\n<input type=\"hidden\" id=\"baseurl\" value=\"https:\/\/noticiasregionais.com.br\"><input type=\"hidden\" id=\"audio_nonce\" value=\"533fbb67b1\">","protected":false},"excerpt":{"rendered":"<p>Data: 14 de agosto de 2024Local: C\u00e2ndido Mota\/SP &#8211; Rodovia Raposo Tavares (SP-270), km 430 Na manh\u00e3 desta quarta-feira (14),&hellip;<\/p>\n","protected":false},"author":1,"featured_media":3529,"comment_status":"closed","ping_status":"open","sticky":false,"template":"","format":"standard","meta":{"sfsi_plus_gutenberg_text_before_share":"","sfsi_plus_gutenberg_show_text_before_share":"","sfsi_plus_gutenberg_icon_type":"","sfsi_plus_gutenberg_icon_alignemt":"","sfsi_plus_gutenburg_max_per_row":"","footnotes":""},"categories":[6,10,1],"tags":[],"class_list":["post-3528","post","type-post","status-publish","format-standard","has-post-thumbnail","hentry","category-sao_paulo","category-destaques","category-noticias"],"_links":{"self":[{"href":"https:\/\/noticiasregionais.com.br\/index.php?rest_route=\/wp\/v2\/posts\/3528","targetHints":{"allow":["GET"]}}],"collection":[{"href":"https:\/\/noticiasregionais.com.br\/index.php?rest_route=\/wp\/v2\/posts"}],"about":[{"href":"https:\/\/noticiasregionais.com.br\/index.php?rest_route=\/wp\/v2\/types\/post"}],"author":[{"embeddable":true,"href":"https:\/\/noticiasregionais.com.br\/index.php?rest_route=\/wp\/v2\/users\/1"}],"replies":[{"embeddable":true,"href":"https:\/\/noticiasregionais.com.br\/index.php?rest_route=%2Fwp%2Fv2%2Fcomments&post=3528"}],"version-history":[{"count":1,"href":"https:\/\/noticiasregionais.com.br\/index.php?rest_route=\/wp\/v2\/posts\/3528\/revisions"}],"predecessor-version":[{"id":3530,"href":"https:\/\/noticiasregionais.com.br\/index.php?rest_route=\/wp\/v2\/posts\/3528\/revisions\/3530"}],"wp:featuredmedia":[{"embeddable":true,"href":"https:\/\/noticiasregionais.com.br\/index.php?rest_route=\/wp\/v2\/media\/3529"}],"wp:attachment":[{"href":"https:\/\/noticiasregionais.com.br\/index.php?rest_route=%2Fwp%2Fv2%2Fmedia&parent=3528"}],"wp:term":[{"taxonomy":"category","embeddable":true,"href":"https:\/\/noticiasregionais.com.br\/index.php?rest_route=%2Fwp%2Fv2%2Fcategories&post=3528"},{"taxonomy":"post_tag","embeddable":true,"href":"https:\/\/noticiasregionais.com.br\/index.php?rest_route=%2Fwp%2Fv2%2Ftags&post=3528"}],"curies":[{"name":"wp","href":"https:\/\/api.w.org\/{rel}","templated":true}]}}