{"id":3531,"date":"2024-08-15T09:44:50","date_gmt":"2024-08-15T12:44:50","guid":{"rendered":"https:\/\/noticiasregionais.com.br\/?p=3531"},"modified":"2024-08-15T09:44:53","modified_gmt":"2024-08-15T12:44:53","slug":"jovem-perde-a-vida-em-colisao-frontal-na-regiao","status":"publish","type":"post","link":"https:\/\/noticiasregionais.com.br\/?p=3531","title":{"rendered":"Jovem perde a vida em colis\u00e3o frontal na regi\u00e3o"},"content":{"rendered":"\n<p><strong>Santa Mariana (PR), 14 de agosto de 2024<\/strong> \u2013 Um grave acidente ocorrido na tarde desta quarta-feira, por volta das 13h30, na BR-369, km 75, em Santa Mariana, resultou na morte de um jovem de 19 anos. A colis\u00e3o frontal envolveu uma motocicleta CG Titan e um caminh\u00e3o.<\/p>\n\n\n\n<p>De acordo com informa\u00e7\u00f5es da Pol\u00edcia Rodovi\u00e1ria Federal (PRF), o motociclista, residente em Itambarac\u00e1 e sem habilita\u00e7\u00e3o, seguia no sentido Corn\u00e9lio Proc\u00f3pio-Santa Mariana quando colidiu frontalmente com o caminh\u00e3o que vinha no sentido contr\u00e1rio. Com o impacto, o jovem n\u00e3o resistiu aos ferimentos e morreu no local.<\/p>\n\n\n\n<p>O condutor do caminh\u00e3o, que n\u00e3o sofreu ferimentos, permaneceu no local e foi submetido ao teste do baf\u00f4metro, que resultou negativo.<\/p>\n\n\n\n<p><strong>Equipes de socorro e investiga\u00e7\u00e3o<\/strong><\/p>\n\n\n\n<p>Diversas equipes foram acionadas para atender a ocorr\u00eancia, incluindo Corpo de Bombeiros, Pol\u00edcia Civil, Criminal\u00edstica, Instituto M\u00e9dico Legal (IML), Concession\u00e1ria EPR e a PRF. A Pol\u00edcia Rodovi\u00e1ria Federal ser\u00e1 respons\u00e1vel por confeccionar o Laudo Pericial de Acidente de Tr\u00e2nsito (LPAT), documento fundamental para apurar as causas do acidente.<\/p>\n\n\n\n<p><strong>Mais um jovem v\u00edtima no tr\u00e2nsito<\/strong><\/p>\n\n\n\n<p>A trag\u00e9dia mais uma vez chama a aten\u00e7\u00e3o para os riscos do tr\u00e2nsito, especialmente para motociclistas. A falta de habilita\u00e7\u00e3o e a imprud\u00eancia no tr\u00e2nsito s\u00e3o fatores que contribuem para o aumento do n\u00famero de acidentes fatais.<\/p>\n\n\n\n<p><strong>Preven\u00e7\u00e3o \u00e9 a melhor forma de evitar trag\u00e9dias<\/strong><\/p>\n\n\n\n<p>As autoridades refor\u00e7am a import\u00e2ncia de dirigir com responsabilidade, respeitar as leis de tr\u00e2nsito e utilizar equipamentos de seguran\u00e7a. A preven\u00e7\u00e3o \u00e9 a melhor forma de evitar trag\u00e9dias como esta.<\/p>\n<input type=\"hidden\" id=\"baseurl\" value=\"https:\/\/noticiasregionais.com.br\"><input type=\"hidden\" id=\"audio_nonce\" value=\"533fbb67b1\">","protected":false},"excerpt":{"rendered":"<p>Santa Mariana (PR), 14 de agosto de 2024 \u2013 Um grave acidente ocorrido na tarde desta quarta-feira, por volta das&hellip;<\/p>\n","protected":false},"author":1,"featured_media":3532,"comment_status":"closed","ping_status":"open","sticky":false,"template":"","format":"standard","meta":{"sfsi_plus_gutenberg_text_before_share":"","sfsi_plus_gutenberg_show_text_before_share":"","sfsi_plus_gutenberg_icon_type":"","sfsi_plus_gutenberg_icon_alignemt":"","sfsi_plus_gutenburg_max_per_row":"","footnotes":""},"categories":[7,10,1],"tags":[],"class_list":["post-3531","post","type-post","status-publish","format-standard","has-post-thumbnail","hentry","category-parana","category-destaques","category-noticias"],"_links":{"self":[{"href":"https:\/\/noticiasregionais.com.br\/index.php?rest_route=\/wp\/v2\/posts\/3531","targetHints":{"allow":["GET"]}}],"collection":[{"href":"https:\/\/noticiasregionais.com.br\/index.php?rest_route=\/wp\/v2\/posts"}],"about":[{"href":"https:\/\/noticiasregionais.com.br\/index.php?rest_route=\/wp\/v2\/types\/post"}],"author":[{"embeddable":true,"href":"https:\/\/noticiasregionais.com.br\/index.php?rest_route=\/wp\/v2\/users\/1"}],"replies":[{"embeddable":true,"href":"https:\/\/noticiasregionais.com.br\/index.php?rest_route=%2Fwp%2Fv2%2Fcomments&post=3531"}],"version-history":[{"count":1,"href":"https:\/\/noticiasregionais.com.br\/index.php?rest_route=\/wp\/v2\/posts\/3531\/revisions"}],"predecessor-version":[{"id":3533,"href":"https:\/\/noticiasregionais.com.br\/index.php?rest_route=\/wp\/v2\/posts\/3531\/revisions\/3533"}],"wp:featuredmedia":[{"embeddable":true,"href":"https:\/\/noticiasregionais.com.br\/index.php?rest_route=\/wp\/v2\/media\/3532"}],"wp:attachment":[{"href":"https:\/\/noticiasregionais.com.br\/index.php?rest_route=%2Fwp%2Fv2%2Fmedia&parent=3531"}],"wp:term":[{"taxonomy":"category","embeddable":true,"href":"https:\/\/noticiasregionais.com.br\/index.php?rest_route=%2Fwp%2Fv2%2Fcategories&post=3531"},{"taxonomy":"post_tag","embeddable":true,"href":"https:\/\/noticiasregionais.com.br\/index.php?rest_route=%2Fwp%2Fv2%2Ftags&post=3531"}],"curies":[{"name":"wp","href":"https:\/\/api.w.org\/{rel}","templated":true}]}}