{"id":3538,"date":"2024-08-15T19:55:09","date_gmt":"2024-08-15T22:55:09","guid":{"rendered":"https:\/\/noticiasregionais.com.br\/?p=3538"},"modified":"2024-08-15T19:55:12","modified_gmt":"2024-08-15T22:55:12","slug":"uso-irregular-de-viatura-da-gcm-e-presenca-de-pocay-em-casamento-gera-polemica-e-pode-resultar-em-processos-por-peculato-e-improbidade","status":"publish","type":"post","link":"https:\/\/noticiasregionais.com.br\/?p=3538","title":{"rendered":"Uso irregular de viatura da GCM e presen\u00e7a de Pocay em casamento gera pol\u00eamica e pode resultar em processos por peculato e improbidade"},"content":{"rendered":"\n<p>A recente utiliza\u00e7\u00e3o de uma viatura da Guarda Civil Municipal (GCM) de Ourinhos em um evento privado gerou grande repercuss\u00e3o negativa e pode levar a consequ\u00eancias legais, incluindo processos por peculato e improbidade administrativa contra o prefeito Lucas Pocay (PSD). A situa\u00e7\u00e3o foi exposta em uma mat\u00e9ria do Jornal Biz publicada em 15\/08\/2024.<\/p>\n\n\n\n<p>No s\u00e1bado, 10 de agosto, um luxuoso casamento realizado em Ourinhos tornou-se o centro das aten\u00e7\u00f5es, n\u00e3o apenas pela cerim\u00f4nia, mas pela presen\u00e7a de uma viatura da GCM no local. A participa\u00e7\u00e3o do prefeito Lucas Pocay na celebra\u00e7\u00e3o agravou a situa\u00e7\u00e3o, pois o uso de ve\u00edculos oficiais para fins particulares \u00e9 proibido pelos estatutos Federal 13.022\/2014 e Municipal 1.031\/2019. O evento ocorreu em uma ch\u00e1cara situada a aproximadamente 10 quil\u00f4metros do centro da cidade, nas proximidades do rio Paranapanema.<\/p>\n\n\n\n<p>A den\u00fancia come\u00e7ou a ganhar for\u00e7a nas redes sociais na manh\u00e3 da segunda-feira, 12 de agosto, com a dissemina\u00e7\u00e3o de mensagens por aplicativos. Ap\u00f3s investiga\u00e7\u00f5es, a veracidade do ocorrido foi confirmada por fotos e v\u00eddeos que mostram a viatura estacionada na ch\u00e1cara, al\u00e9m da presen\u00e7a do prefeito e de sua esposa. As identidades dos rec\u00e9m-casados est\u00e3o sendo preservadas.<\/p>\n\n\n\n<p>O incidente causou desconforto entre os membros da GCM, que expressaram insatisfa\u00e7\u00e3o com a situa\u00e7\u00e3o. &#8220;O pessoal ficou chateado, pois trabalha com seriedade para atender \u00e0 popula\u00e7\u00e3o. O uso da viatura para satisfazer uma vaidade pessoal deveria ter sido evitado&#8221;, comentou Raul, nome fict\u00edcio de uma das fontes. Juliana, outro nome fict\u00edcio, compartilhou da mesma opini\u00e3o: &#8220;Acredito que esta n\u00e3o seja a fun\u00e7\u00e3o da Guarda Municipal. N\u00f3s atendemos dezenas de ocorr\u00eancias com responsabilidade, e situa\u00e7\u00f5es como essa prejudicam a imagem do nosso grupamento.&#8221;<\/p>\n\n\n\n<p><strong>Prefeito Lucas Pocay Pode Enfrentar Processos<\/strong><\/p>\n\n\n\n<p>Em situa\u00e7\u00f5es semelhantes, o Tribunal de Justi\u00e7a do Estado de S\u00e3o Paulo tem condenado agentes p\u00fablicos por improbidade administrativa, conforme o artigo 11, inciso I, da Lei n\u00ba 8.429\/92, que trata do uso indevido de ve\u00edculos oficiais para fins particulares. Existem in\u00fameros precedentes, como nos processos 1009988-19.2018.8.26.0286, 1001091-90.2018.8.26.0095 e 1001091-90.2018.8.26.0095.<\/p>\n\n\n\n<p>Al\u00e9m disso, o Tribunal de Justi\u00e7a de S\u00e3o Paulo tamb\u00e9m tem aplicado condena\u00e7\u00f5es em processos criminais por peculato de uso, previsto no artigo 312 do C\u00f3digo Penal, com penas que variam de 2 a 12 anos de reclus\u00e3o e multa. Casos recentes como os processos 1001130-59.2016.8.26.0515 e 1500509-54.2019.8.26.0691 ilustram a seriedade dessas acusa\u00e7\u00f5es.<\/p>\n<input type=\"hidden\" id=\"baseurl\" value=\"https:\/\/noticiasregionais.com.br\"><input type=\"hidden\" id=\"audio_nonce\" value=\"533fbb67b1\">","protected":false},"excerpt":{"rendered":"<p>A recente utiliza\u00e7\u00e3o de uma viatura da Guarda Civil Municipal (GCM) de Ourinhos em um evento privado gerou grande repercuss\u00e3o&hellip;<\/p>\n","protected":false},"author":1,"featured_media":3539,"comment_status":"closed","ping_status":"open","sticky":false,"template":"","format":"standard","meta":{"sfsi_plus_gutenberg_text_before_share":"","sfsi_plus_gutenberg_show_text_before_share":"","sfsi_plus_gutenberg_icon_type":"","sfsi_plus_gutenberg_icon_alignemt":"","sfsi_plus_gutenburg_max_per_row":"","footnotes":""},"categories":[5,12,1],"tags":[],"class_list":["post-3538","post","type-post","status-publish","format-standard","has-post-thumbnail","hentry","category-ourinhos","category-capa","category-noticias"],"_links":{"self":[{"href":"https:\/\/noticiasregionais.com.br\/index.php?rest_route=\/wp\/v2\/posts\/3538","targetHints":{"allow":["GET"]}}],"collection":[{"href":"https:\/\/noticiasregionais.com.br\/index.php?rest_route=\/wp\/v2\/posts"}],"about":[{"href":"https:\/\/noticiasregionais.com.br\/index.php?rest_route=\/wp\/v2\/types\/post"}],"author":[{"embeddable":true,"href":"https:\/\/noticiasregionais.com.br\/index.php?rest_route=\/wp\/v2\/users\/1"}],"replies":[{"embeddable":true,"href":"https:\/\/noticiasregionais.com.br\/index.php?rest_route=%2Fwp%2Fv2%2Fcomments&post=3538"}],"version-history":[{"count":1,"href":"https:\/\/noticiasregionais.com.br\/index.php?rest_route=\/wp\/v2\/posts\/3538\/revisions"}],"predecessor-version":[{"id":3540,"href":"https:\/\/noticiasregionais.com.br\/index.php?rest_route=\/wp\/v2\/posts\/3538\/revisions\/3540"}],"wp:featuredmedia":[{"embeddable":true,"href":"https:\/\/noticiasregionais.com.br\/index.php?rest_route=\/wp\/v2\/media\/3539"}],"wp:attachment":[{"href":"https:\/\/noticiasregionais.com.br\/index.php?rest_route=%2Fwp%2Fv2%2Fmedia&parent=3538"}],"wp:term":[{"taxonomy":"category","embeddable":true,"href":"https:\/\/noticiasregionais.com.br\/index.php?rest_route=%2Fwp%2Fv2%2Fcategories&post=3538"},{"taxonomy":"post_tag","embeddable":true,"href":"https:\/\/noticiasregionais.com.br\/index.php?rest_route=%2Fwp%2Fv2%2Ftags&post=3538"}],"curies":[{"name":"wp","href":"https:\/\/api.w.org\/{rel}","templated":true}]}}