{"id":354,"date":"2023-09-13T08:21:02","date_gmt":"2023-09-13T11:21:02","guid":{"rendered":"https:\/\/noticiasregionais.com.br\/?p=354"},"modified":"2023-09-13T08:21:02","modified_gmt":"2023-09-13T11:21:02","slug":"5o-litou-celebra-a-literatura-e-a-cultura-afrodescendente","status":"publish","type":"post","link":"https:\/\/noticiasregionais.com.br\/?p=354","title":{"rendered":"5\u00ba LITOU celebra a literatura e a cultura afrodescendente"},"content":{"rendered":"\n<p>A Prefeitura de Ourinhos e Secretaria de Cultura, est\u00e3o promovendo o 5\u00ba Festival Liter\u00e1rio de Ourinhos (Litou). Evento \u00e9 uma parceria com o Museu Casa das Rosas de S\u00e3o Paulo, de 12 a 16 de setembro.<\/p>\n\n\n\n<p><strong>Este ano, o festival explora o tema &#8220;Afrodescend\u00eancia e Afrofuturismo&#8221;, mergulhando na ancestralidade, costumes, tradi\u00e7\u00f5es, lendas e mem\u00f3rias afro.<\/strong> Tamb\u00e9m <strong>b<\/strong>usca<strong> um futuro onde o protagonismo negro seja enfatizado, abordando seus anseios, pensamentos, bem como quest\u00f5es sociais e pol\u00edticas <\/strong>ent\u00e3o busca<strong> resgat<\/strong>ar<strong> a rica cultura africana que permaneceu obscurecida por s\u00e9culos.<\/strong><\/p>\n\n\n\n<p>A programa\u00e7\u00e3o do Litou inclui teatro de fantoches, conta\u00e7\u00e3o de hist\u00f3rias, mesas liter\u00e1rias, oficinas, brincadeiras cantadas. As atividades acontecem em diversos espa\u00e7os como Senac, Vilamar, N\u00facleo de Artes Popular e Bibliotecas Trist\u00e3o de Athayde e do CEU, al\u00e9m das escolas municipais.<\/p>\n\n\n\n<p>A Livraria Unesp e o Sebo Multimania est\u00e3o presentes na pra\u00e7a Mello Peixoto das 09 \u00e0s 20h, porque oferecem uma variedade de obras liter\u00e1rias.<\/p>\n\n\n\n<p>O encerramento do Litou acontecer\u00e1 no CEU, no dia 16, a partir das 09h, com v\u00e1rias apresenta\u00e7\u00f5es culturais, conta\u00e7\u00f5es de hist\u00f3rias, artes circenses, dan\u00e7a e contar\u00e1 com a presen\u00e7a de v\u00e1rias Secretarias Municipais ofertando servi\u00e7os a toda popula\u00e7\u00e3o.<\/p>\n\n\n\n<p>Acesse as p\u00e1ginas culturaourinhos no Facebook e Instagram porque trazem informa\u00e7\u00f5es sobre a programa\u00e7\u00e3o.<\/p>\n\n\n\n<p><sub>fonte: Secretaria de Comunica\u00e7\u00e3o da Prefeitura Municipal de Ourinhos<\/sub><\/p>\n<input type=\"hidden\" id=\"baseurl\" value=\"https:\/\/noticiasregionais.com.br\"><input type=\"hidden\" id=\"audio_nonce\" value=\"533fbb67b1\">","protected":false},"excerpt":{"rendered":"<p>A Prefeitura de Ourinhos e Secretaria de Cultura, est\u00e3o promovendo o 5\u00ba Festival Liter\u00e1rio de Ourinhos (Litou). Evento \u00e9 uma&hellip;<\/p>\n","protected":false},"author":1,"featured_media":355,"comment_status":"closed","ping_status":"open","sticky":false,"template":"","format":"standard","meta":{"sfsi_plus_gutenberg_text_before_share":"","sfsi_plus_gutenberg_show_text_before_share":"","sfsi_plus_gutenberg_icon_type":"","sfsi_plus_gutenberg_icon_alignemt":"","sfsi_plus_gutenburg_max_per_row":"","footnotes":""},"categories":[5,10,1],"tags":[],"class_list":["post-354","post","type-post","status-publish","format-standard","has-post-thumbnail","hentry","category-ourinhos","category-destaques","category-noticias"],"_links":{"self":[{"href":"https:\/\/noticiasregionais.com.br\/index.php?rest_route=\/wp\/v2\/posts\/354","targetHints":{"allow":["GET"]}}],"collection":[{"href":"https:\/\/noticiasregionais.com.br\/index.php?rest_route=\/wp\/v2\/posts"}],"about":[{"href":"https:\/\/noticiasregionais.com.br\/index.php?rest_route=\/wp\/v2\/types\/post"}],"author":[{"embeddable":true,"href":"https:\/\/noticiasregionais.com.br\/index.php?rest_route=\/wp\/v2\/users\/1"}],"replies":[{"embeddable":true,"href":"https:\/\/noticiasregionais.com.br\/index.php?rest_route=%2Fwp%2Fv2%2Fcomments&post=354"}],"version-history":[{"count":1,"href":"https:\/\/noticiasregionais.com.br\/index.php?rest_route=\/wp\/v2\/posts\/354\/revisions"}],"predecessor-version":[{"id":356,"href":"https:\/\/noticiasregionais.com.br\/index.php?rest_route=\/wp\/v2\/posts\/354\/revisions\/356"}],"wp:featuredmedia":[{"embeddable":true,"href":"https:\/\/noticiasregionais.com.br\/index.php?rest_route=\/wp\/v2\/media\/355"}],"wp:attachment":[{"href":"https:\/\/noticiasregionais.com.br\/index.php?rest_route=%2Fwp%2Fv2%2Fmedia&parent=354"}],"wp:term":[{"taxonomy":"category","embeddable":true,"href":"https:\/\/noticiasregionais.com.br\/index.php?rest_route=%2Fwp%2Fv2%2Fcategories&post=354"},{"taxonomy":"post_tag","embeddable":true,"href":"https:\/\/noticiasregionais.com.br\/index.php?rest_route=%2Fwp%2Fv2%2Ftags&post=354"}],"curies":[{"name":"wp","href":"https:\/\/api.w.org\/{rel}","templated":true}]}}