{"id":3544,"date":"2024-08-20T06:59:31","date_gmt":"2024-08-20T09:59:31","guid":{"rendered":"https:\/\/noticiasregionais.com.br\/?p=3544"},"modified":"2024-08-20T06:59:43","modified_gmt":"2024-08-20T09:59:43","slug":"prisao-por-receptacao-em-rodovia-de-palmital","status":"publish","type":"post","link":"https:\/\/noticiasregionais.com.br\/?p=3544","title":{"rendered":"Pris\u00e3o por Recepta\u00e7\u00e3o em Rodovia de Palmital"},"content":{"rendered":"\n<p>Em mais uma a\u00e7\u00e3o da Pol\u00edcia Militar Rodovi\u00e1ria, um homem de 31 anos foi preso em flagrante por recepta\u00e7\u00e3o na manh\u00e3 deste domingo (18), na Rodovia Raposo Tavares, em Palmital.<\/p>\n\n\n\n<p>A pris\u00e3o ocorreu durante a Opera\u00e7\u00e3o Impacto, quando uma equipe da Pol\u00edcia Rodovi\u00e1ria abordou uma Toyota Hilux conduzida pelo suspeito. Durante a vistoria no ve\u00edculo, os policiais constataram ind\u00edcios de adultera\u00e7\u00e3o nos sinais identificadores, como o chassi. Ao consultar a placa, foi constatado que pertencia a outro ve\u00edculo, e a consulta pelo n\u00famero do motor revelou que o ve\u00edculo era produto de furto, com registro na cidade do Rio de Janeiro.<\/p>\n\n\n\n<p>Diante dos fatos, o homem foi detido e encaminhado \u00e0 Central de Pol\u00edcia Judici\u00e1ria de Assis, onde foi formalizado o flagrante por recepta\u00e7\u00e3o. O ve\u00edculo foi apreendido e ser\u00e1 periciado.<\/p>\n\n\n\n<p><strong>Opera\u00e7\u00e3o Impacto<\/strong><\/p>\n\n\n\n<p>A Opera\u00e7\u00e3o Impacto \u00e9 uma a\u00e7\u00e3o cont\u00ednua da Pol\u00edcia Militar Rodovi\u00e1ria com o objetivo de combater a criminalidade nas rodovias, intensificando a fiscaliza\u00e7\u00e3o e a repress\u00e3o a crimes como roubos, furtos, tr\u00e1fico de drogas e recepta\u00e7\u00e3o.<\/p>\n\n\n\n<p><strong>O que \u00e9 recepta\u00e7\u00e3o?<\/strong><\/p>\n\n\n\n<p>Recepta\u00e7\u00e3o \u00e9 o crime de adquirir, receber, transportar, ocultar, vender ou de qualquer forma dispor de coisa que se sabe ser produto de crime. O receptador auxilia o criminoso a dar um destino il\u00edcito ao produto do crime, dificultando a investiga\u00e7\u00e3o e a recupera\u00e7\u00e3o dos bens.<\/p>\n\n\n\n<p><strong>Importante:<\/strong> \u00c9 fundamental ressaltar que a pris\u00e3o em flagrante \u00e9 um procedimento legal que garante a preserva\u00e7\u00e3o da ordem p\u00fablica e a garantia dos direitos dos cidad\u00e3os. O suspeito possui o direito \u00e0 defesa e a presun\u00e7\u00e3o de inoc\u00eancia at\u00e9 que seja comprovada sua culpa em um processo judicial.<\/p>\n<input type=\"hidden\" id=\"baseurl\" value=\"https:\/\/noticiasregionais.com.br\"><input type=\"hidden\" id=\"audio_nonce\" value=\"533fbb67b1\">","protected":false},"excerpt":{"rendered":"<p>Em mais uma a\u00e7\u00e3o da Pol\u00edcia Militar Rodovi\u00e1ria, um homem de 31 anos foi preso em flagrante por recepta\u00e7\u00e3o na&hellip;<\/p>\n","protected":false},"author":1,"featured_media":3545,"comment_status":"closed","ping_status":"open","sticky":false,"template":"","format":"standard","meta":{"sfsi_plus_gutenberg_text_before_share":"","sfsi_plus_gutenberg_show_text_before_share":"","sfsi_plus_gutenberg_icon_type":"","sfsi_plus_gutenberg_icon_alignemt":"","sfsi_plus_gutenburg_max_per_row":"","footnotes":""},"categories":[6,12,1],"tags":[],"class_list":["post-3544","post","type-post","status-publish","format-standard","has-post-thumbnail","hentry","category-sao_paulo","category-capa","category-noticias"],"_links":{"self":[{"href":"https:\/\/noticiasregionais.com.br\/index.php?rest_route=\/wp\/v2\/posts\/3544","targetHints":{"allow":["GET"]}}],"collection":[{"href":"https:\/\/noticiasregionais.com.br\/index.php?rest_route=\/wp\/v2\/posts"}],"about":[{"href":"https:\/\/noticiasregionais.com.br\/index.php?rest_route=\/wp\/v2\/types\/post"}],"author":[{"embeddable":true,"href":"https:\/\/noticiasregionais.com.br\/index.php?rest_route=\/wp\/v2\/users\/1"}],"replies":[{"embeddable":true,"href":"https:\/\/noticiasregionais.com.br\/index.php?rest_route=%2Fwp%2Fv2%2Fcomments&post=3544"}],"version-history":[{"count":1,"href":"https:\/\/noticiasregionais.com.br\/index.php?rest_route=\/wp\/v2\/posts\/3544\/revisions"}],"predecessor-version":[{"id":3546,"href":"https:\/\/noticiasregionais.com.br\/index.php?rest_route=\/wp\/v2\/posts\/3544\/revisions\/3546"}],"wp:featuredmedia":[{"embeddable":true,"href":"https:\/\/noticiasregionais.com.br\/index.php?rest_route=\/wp\/v2\/media\/3545"}],"wp:attachment":[{"href":"https:\/\/noticiasregionais.com.br\/index.php?rest_route=%2Fwp%2Fv2%2Fmedia&parent=3544"}],"wp:term":[{"taxonomy":"category","embeddable":true,"href":"https:\/\/noticiasregionais.com.br\/index.php?rest_route=%2Fwp%2Fv2%2Fcategories&post=3544"},{"taxonomy":"post_tag","embeddable":true,"href":"https:\/\/noticiasregionais.com.br\/index.php?rest_route=%2Fwp%2Fv2%2Ftags&post=3544"}],"curies":[{"name":"wp","href":"https:\/\/api.w.org\/{rel}","templated":true}]}}