{"id":3547,"date":"2024-08-20T07:04:33","date_gmt":"2024-08-20T10:04:33","guid":{"rendered":"https:\/\/noticiasregionais.com.br\/?p=3547"},"modified":"2024-08-20T07:04:44","modified_gmt":"2024-08-20T10:04:44","slug":"rotam-prende-dois-por-trafico-de-drogas-em-santo-antonio-da-platina","status":"publish","type":"post","link":"https:\/\/noticiasregionais.com.br\/?p=3547","title":{"rendered":"ROTAM prende dois por tr\u00e1fico de drogas em Santo Ant\u00f4nio da Platina"},"content":{"rendered":"\n<p>Em mais um golpe no tr\u00e1fico de drogas na cidade, equipes da ROTAM do 2\u00ba Batalh\u00e3o de Pol\u00edcia Militar (2\u00ba BPM) prenderam dois indiv\u00edduos, de 31 e 20 anos, durante uma opera\u00e7\u00e3o na noite deste s\u00e1bado (18), na Rua Jo\u00e3o Guilherme Peixe.<\/p>\n\n\n\n<p>As equipes, atuando no combate ao tr\u00e1fico de drogas, receberam den\u00fancias an\u00f4nimas que indicavam o local como ponto de venda de entorpecentes. Ap\u00f3s monitoramento e investiga\u00e7\u00e3o, os policiais deram cumprimento a um mandado de busca e apreens\u00e3o no endere\u00e7o.<\/p>\n\n\n\n<p>Durante a a\u00e7\u00e3o, os militares encontraram e apreenderam 31 buchas de coca\u00edna, uma balan\u00e7a de precis\u00e3o, dois aparelhos celulares e R$ 442,00 em dinheiro. Diante dos fatos, os dois indiv\u00edduos foram presos em flagrante e, juntamente com o material apreendido, encaminhados \u00e0 Delegacia de Pol\u00edcia de Santo Ant\u00f4nio da Platina para os procedimentos legais.<\/p>\n\n\n\n<p><strong>Combate ao tr\u00e1fico<\/strong><\/p>\n\n\n\n<p>A Pol\u00edcia Militar refor\u00e7a o compromisso com a seguran\u00e7a da popula\u00e7\u00e3o e continua intensificando as a\u00e7\u00f5es de combate ao tr\u00e1fico de drogas em todo o munic\u00edpio. A corpora\u00e7\u00e3o convida a popula\u00e7\u00e3o a colaborar, denunciando qualquer atividade suspeita atrav\u00e9s do 190.<\/p>\n<input type=\"hidden\" id=\"baseurl\" value=\"https:\/\/noticiasregionais.com.br\"><input type=\"hidden\" id=\"audio_nonce\" value=\"5c13e0637f\">","protected":false},"excerpt":{"rendered":"<p>Em mais um golpe no tr\u00e1fico de drogas na cidade, equipes da ROTAM do 2\u00ba Batalh\u00e3o de Pol\u00edcia Militar (2\u00ba&hellip;<\/p>\n","protected":false},"author":1,"featured_media":3548,"comment_status":"closed","ping_status":"open","sticky":false,"template":"","format":"standard","meta":{"sfsi_plus_gutenberg_text_before_share":"","sfsi_plus_gutenberg_show_text_before_share":"","sfsi_plus_gutenberg_icon_type":"","sfsi_plus_gutenberg_icon_alignemt":"","sfsi_plus_gutenburg_max_per_row":"","footnotes":""},"categories":[7,10,1],"tags":[],"class_list":["post-3547","post","type-post","status-publish","format-standard","has-post-thumbnail","hentry","category-parana","category-destaques","category-noticias"],"_links":{"self":[{"href":"https:\/\/noticiasregionais.com.br\/index.php?rest_route=\/wp\/v2\/posts\/3547","targetHints":{"allow":["GET"]}}],"collection":[{"href":"https:\/\/noticiasregionais.com.br\/index.php?rest_route=\/wp\/v2\/posts"}],"about":[{"href":"https:\/\/noticiasregionais.com.br\/index.php?rest_route=\/wp\/v2\/types\/post"}],"author":[{"embeddable":true,"href":"https:\/\/noticiasregionais.com.br\/index.php?rest_route=\/wp\/v2\/users\/1"}],"replies":[{"embeddable":true,"href":"https:\/\/noticiasregionais.com.br\/index.php?rest_route=%2Fwp%2Fv2%2Fcomments&post=3547"}],"version-history":[{"count":1,"href":"https:\/\/noticiasregionais.com.br\/index.php?rest_route=\/wp\/v2\/posts\/3547\/revisions"}],"predecessor-version":[{"id":3549,"href":"https:\/\/noticiasregionais.com.br\/index.php?rest_route=\/wp\/v2\/posts\/3547\/revisions\/3549"}],"wp:featuredmedia":[{"embeddable":true,"href":"https:\/\/noticiasregionais.com.br\/index.php?rest_route=\/wp\/v2\/media\/3548"}],"wp:attachment":[{"href":"https:\/\/noticiasregionais.com.br\/index.php?rest_route=%2Fwp%2Fv2%2Fmedia&parent=3547"}],"wp:term":[{"taxonomy":"category","embeddable":true,"href":"https:\/\/noticiasregionais.com.br\/index.php?rest_route=%2Fwp%2Fv2%2Fcategories&post=3547"},{"taxonomy":"post_tag","embeddable":true,"href":"https:\/\/noticiasregionais.com.br\/index.php?rest_route=%2Fwp%2Fv2%2Ftags&post=3547"}],"curies":[{"name":"wp","href":"https:\/\/api.w.org\/{rel}","templated":true}]}}