{"id":3550,"date":"2024-08-20T07:20:16","date_gmt":"2024-08-20T10:20:16","guid":{"rendered":"https:\/\/noticiasregionais.com.br\/?p=3550"},"modified":"2024-08-20T07:20:28","modified_gmt":"2024-08-20T10:20:28","slug":"ace-recebe-coordenador-da-secretaria-de-desenvolvimento-economico-do-estado","status":"publish","type":"post","link":"https:\/\/noticiasregionais.com.br\/?p=3550","title":{"rendered":"ACE recebe coordenador da Secretaria de Desenvolvimento Econ\u00f4mico do Estado"},"content":{"rendered":"\n<p class=\"has-text-align-center\"><strong>Representantes locais tamb\u00e9m participaram da reuni\u00e3o onde foi apresentado o Projeto Coaliz\u00e3o Empresarial<\/strong><\/p>\n\n\n\n<div class=\"wp-block-media-text is-stacked-on-mobile\" style=\"grid-template-columns:36% auto\"><figure class=\"wp-block-media-text__media\"><img decoding=\"async\" width=\"768\" height=\"1024\" src=\"https:\/\/noticiasregionais.com.br\/wp-content\/uploads\/2024\/08\/WhatsApp-Image-2024-08-16-at-15.37.32-1-768x1024.jpeg\" alt=\"\" class=\"wp-image-3552 size-full\" srcset=\"https:\/\/noticiasregionais.com.br\/wp-content\/uploads\/2024\/08\/WhatsApp-Image-2024-08-16-at-15.37.32-1-768x1024.jpeg 768w, https:\/\/noticiasregionais.com.br\/wp-content\/uploads\/2024\/08\/WhatsApp-Image-2024-08-16-at-15.37.32-1-225x300.jpeg 225w, https:\/\/noticiasregionais.com.br\/wp-content\/uploads\/2024\/08\/WhatsApp-Image-2024-08-16-at-15.37.32-1.jpeg 960w\" sizes=\"(max-width: 768px) 100vw, 768px\" \/><\/figure><div class=\"wp-block-media-text__content\">\n<p>A Associa\u00e7\u00e3o Comercial e Empresarial de Ourinhos recebeu nesta semana o Coordenador da Secretaria de Desenvolvimento Econ\u00f4mico do Estado, Caio Marinelli, e empres\u00e1rios de diversos segmentos para a apresenta\u00e7\u00e3o do Projeto Coaliz\u00e3o Empresarial. O Presidente da ACE, Robson Martuchi, ressaltou que o encontro foi muito produtivo. \u201cOs setores econ\u00f4micos de Ourinhos estavam representados e puderam colocar suas demandas. Esse Projeto do Governo do Estado objetiva o desenvolvimento econ\u00f4mico por meio das microrregi\u00f5es, em um raio de 50 km. \u00c9 muito interessante porque teremos um canal aberto com o Governo de forma personalizada, pois cada local tem sua voca\u00e7\u00e3o e suas necessidades\u201d.<\/p>\n<\/div><\/div>\n\n\n\n<p>Tamb\u00e9m estavam presentes na reuni\u00e3o representantes do SENAI, do SEBRAE e do SENAC. \u201cConvidamos esses tr\u00eas parceiros e foi interessante porque os empres\u00e1rios ressaltaram muito a necessidade de qualifica\u00e7\u00e3o profissional permanente. Ent\u00e3o, com o apoio da ACE foi estabelecido parcerias in\u00e9ditas que v\u00e3o proporcionar cursos e qualifica\u00e7\u00f5es personalizadas\u02dc, contou Martuchi.<\/p>\n\n\n\n<p>A ACE mostra mais uma vez sua for\u00e7a e import\u00e2ncia para o desenvolvimento de Ourinhos e se compromete em intermediar as a\u00e7\u00f5es necess\u00e1rias para que esse Projeto aconte\u00e7a de forma efetiva na regi\u00e3o de Ourinhos.<\/p>\n\n\n\n<p>\u201c\u00c9 o come\u00e7o de um trabalho. Novas reuni\u00f5es acontecer\u00e3o e agora os empres\u00e1rios ter\u00e3o comunica\u00e7\u00e3o direta com o Estado, que pretende apoiar os neg\u00f3cios locais e o desenvolvimento de novas oportunidades na cadeia produtiva da regi\u00e3o. A ACE est\u00e1 \u00e0 disposi\u00e7\u00e3o dos empres\u00e1rios que queiram saber mais sobre esse projeto\u201d, finalizou.<\/p>\n<input type=\"hidden\" id=\"baseurl\" value=\"https:\/\/noticiasregionais.com.br\"><input type=\"hidden\" id=\"audio_nonce\" value=\"533fbb67b1\">","protected":false},"excerpt":{"rendered":"<p>Representantes locais tamb\u00e9m participaram da reuni\u00e3o onde foi apresentado o Projeto Coaliz\u00e3o Empresarial A Associa\u00e7\u00e3o Comercial e Empresarial de Ourinhos&hellip;<\/p>\n","protected":false},"author":1,"featured_media":3553,"comment_status":"closed","ping_status":"open","sticky":false,"template":"","format":"standard","meta":{"sfsi_plus_gutenberg_text_before_share":"","sfsi_plus_gutenberg_show_text_before_share":"","sfsi_plus_gutenberg_icon_type":"","sfsi_plus_gutenberg_icon_alignemt":"","sfsi_plus_gutenburg_max_per_row":"","footnotes":""},"categories":[5,10,1],"tags":[],"class_list":["post-3550","post","type-post","status-publish","format-standard","has-post-thumbnail","hentry","category-ourinhos","category-destaques","category-noticias"],"_links":{"self":[{"href":"https:\/\/noticiasregionais.com.br\/index.php?rest_route=\/wp\/v2\/posts\/3550","targetHints":{"allow":["GET"]}}],"collection":[{"href":"https:\/\/noticiasregionais.com.br\/index.php?rest_route=\/wp\/v2\/posts"}],"about":[{"href":"https:\/\/noticiasregionais.com.br\/index.php?rest_route=\/wp\/v2\/types\/post"}],"author":[{"embeddable":true,"href":"https:\/\/noticiasregionais.com.br\/index.php?rest_route=\/wp\/v2\/users\/1"}],"replies":[{"embeddable":true,"href":"https:\/\/noticiasregionais.com.br\/index.php?rest_route=%2Fwp%2Fv2%2Fcomments&post=3550"}],"version-history":[{"count":1,"href":"https:\/\/noticiasregionais.com.br\/index.php?rest_route=\/wp\/v2\/posts\/3550\/revisions"}],"predecessor-version":[{"id":3554,"href":"https:\/\/noticiasregionais.com.br\/index.php?rest_route=\/wp\/v2\/posts\/3550\/revisions\/3554"}],"wp:featuredmedia":[{"embeddable":true,"href":"https:\/\/noticiasregionais.com.br\/index.php?rest_route=\/wp\/v2\/media\/3553"}],"wp:attachment":[{"href":"https:\/\/noticiasregionais.com.br\/index.php?rest_route=%2Fwp%2Fv2%2Fmedia&parent=3550"}],"wp:term":[{"taxonomy":"category","embeddable":true,"href":"https:\/\/noticiasregionais.com.br\/index.php?rest_route=%2Fwp%2Fv2%2Fcategories&post=3550"},{"taxonomy":"post_tag","embeddable":true,"href":"https:\/\/noticiasregionais.com.br\/index.php?rest_route=%2Fwp%2Fv2%2Ftags&post=3550"}],"curies":[{"name":"wp","href":"https:\/\/api.w.org\/{rel}","templated":true}]}}