{"id":3555,"date":"2024-08-20T07:23:58","date_gmt":"2024-08-20T10:23:58","guid":{"rendered":"https:\/\/noticiasregionais.com.br\/?p=3555"},"modified":"2024-08-20T07:24:10","modified_gmt":"2024-08-20T10:24:10","slug":"prf-detem-cinco-motoristas-em-guaicara-portando-rebite","status":"publish","type":"post","link":"https:\/\/noticiasregionais.com.br\/?p=3555","title":{"rendered":"PRF det\u00e9m cinco motoristas em Guai\u00e7ara portando rebite"},"content":{"rendered":"\n<p class=\"has-text-align-center\"><strong>Anfetamina \u00e9 comprada ilegalmente e usada para cortar o sono<\/strong><\/p>\n\n\n\n<p>A Pol\u00edcia Rodovi\u00e1ria Federal prendeu quatro motoristas no \u00faltimo s\u00e1bado (17) e outro na quinta-feira (15) ap\u00f3s encontrar em posse deles comprimidos de anfetaminas popularmente conhecidos como rebite. Contra eles foram registrados os Termos Circunstanciados de Ocorr\u00eancia (TCO) para respoderem \u00e0 Justi\u00e7a em liberdade pela conduta il\u00edcita de portar drogas para consumo pr\u00f3prio, conforme o artigo 28 da Lei de Drogas (Lei n\u00ba 11.343\/2006). <br><br>Todos os motoristas foram abordados por PRFs em Guai\u00e7ara\/SP, distante 85 km de Mar\u00edlia, e estavam na dire\u00e7\u00e3o de caminh\u00f5es ou carretas quando foram abordados e todos n\u00e3o apresentaram comprovantes v\u00e1lidos do descanso regular obrigat\u00f3rio para motoristas profissionais, conforme a resolu\u00e7\u00e3o 525\/2015 e o C\u00f3digo de Tr\u00e2nsito Brasileiro (CTB). Ap\u00f3s todos os procedimentos legais, eles tiveram que realizar o descanso de 11 horas antes de continuar viagem. <br><br> Droga causa depend\u00eancia \u2013 O rem\u00e9dio encontrado foi o Nobesio, tamb\u00e9m conhecido como rebite, arrebite ou bolinha. Ele \u00e9 uma anfetamina, subst\u00e2ncia estimulante que age no sistema nervoso central e \u00e9 consumido por motoristas que querem dirigir por v\u00e1rias horas sem parar. Por\u00e9m, muitos deles ignoram que a subst\u00e2ncia causa depend\u00eancia e requer dose maiores ao passar do tempo para conseguir o mesmo efeito e come\u00e7am a apresentar sintomas como dor de cabe\u00e7a, aumento do batimento card\u00edaco e press\u00e3o arterial, vis\u00e3o desfocada, depress\u00e3o, impot\u00eancia sexual, entre outros.<\/p>\n<input type=\"hidden\" id=\"baseurl\" value=\"https:\/\/noticiasregionais.com.br\"><input type=\"hidden\" id=\"audio_nonce\" value=\"533fbb67b1\">","protected":false},"excerpt":{"rendered":"<p>Anfetamina \u00e9 comprada ilegalmente e usada para cortar o sono A Pol\u00edcia Rodovi\u00e1ria Federal prendeu quatro motoristas no \u00faltimo s\u00e1bado&hellip;<\/p>\n","protected":false},"author":1,"featured_media":3556,"comment_status":"closed","ping_status":"open","sticky":false,"template":"","format":"standard","meta":{"sfsi_plus_gutenberg_text_before_share":"","sfsi_plus_gutenberg_show_text_before_share":"","sfsi_plus_gutenberg_icon_type":"","sfsi_plus_gutenberg_icon_alignemt":"","sfsi_plus_gutenburg_max_per_row":"","footnotes":""},"categories":[6,10,1],"tags":[],"class_list":["post-3555","post","type-post","status-publish","format-standard","has-post-thumbnail","hentry","category-sao_paulo","category-destaques","category-noticias"],"_links":{"self":[{"href":"https:\/\/noticiasregionais.com.br\/index.php?rest_route=\/wp\/v2\/posts\/3555","targetHints":{"allow":["GET"]}}],"collection":[{"href":"https:\/\/noticiasregionais.com.br\/index.php?rest_route=\/wp\/v2\/posts"}],"about":[{"href":"https:\/\/noticiasregionais.com.br\/index.php?rest_route=\/wp\/v2\/types\/post"}],"author":[{"embeddable":true,"href":"https:\/\/noticiasregionais.com.br\/index.php?rest_route=\/wp\/v2\/users\/1"}],"replies":[{"embeddable":true,"href":"https:\/\/noticiasregionais.com.br\/index.php?rest_route=%2Fwp%2Fv2%2Fcomments&post=3555"}],"version-history":[{"count":1,"href":"https:\/\/noticiasregionais.com.br\/index.php?rest_route=\/wp\/v2\/posts\/3555\/revisions"}],"predecessor-version":[{"id":3557,"href":"https:\/\/noticiasregionais.com.br\/index.php?rest_route=\/wp\/v2\/posts\/3555\/revisions\/3557"}],"wp:featuredmedia":[{"embeddable":true,"href":"https:\/\/noticiasregionais.com.br\/index.php?rest_route=\/wp\/v2\/media\/3556"}],"wp:attachment":[{"href":"https:\/\/noticiasregionais.com.br\/index.php?rest_route=%2Fwp%2Fv2%2Fmedia&parent=3555"}],"wp:term":[{"taxonomy":"category","embeddable":true,"href":"https:\/\/noticiasregionais.com.br\/index.php?rest_route=%2Fwp%2Fv2%2Fcategories&post=3555"},{"taxonomy":"post_tag","embeddable":true,"href":"https:\/\/noticiasregionais.com.br\/index.php?rest_route=%2Fwp%2Fv2%2Ftags&post=3555"}],"curies":[{"name":"wp","href":"https:\/\/api.w.org\/{rel}","templated":true}]}}