{"id":3558,"date":"2024-08-23T22:29:06","date_gmt":"2024-08-24T01:29:06","guid":{"rendered":"https:\/\/noticiasregionais.com.br\/?p=3558"},"modified":"2024-08-23T22:29:18","modified_gmt":"2024-08-24T01:29:18","slug":"apos-decisao-judicial-a-pagina-do-instagram-que-unia-noticias-da-prefeitura-de-ourinhos-e-apoiava-caio-lima-foi-removida","status":"publish","type":"post","link":"https:\/\/noticiasregionais.com.br\/?p=3558","title":{"rendered":"Ap\u00f3s decis\u00e3o judicial, a p\u00e1gina do Instagram que unia not\u00edcias da Prefeitura de Ourinhos e apoiava Caio Lima foi removida."},"content":{"rendered":"\n<p class=\"has-text-align-center\"><strong>A Justi\u00e7a Eleitoral tamb\u00e9m ordenou que o Facebook forne\u00e7a os dados cadastrais dos propriet\u00e1rios de p\u00e1ginas an\u00f4nimas que a Meta retirou do ar.<\/strong><\/p>\n\n\n\n<p>A not\u00edcia e as imagens foram publicadas inicialmente nessa Sexta dia 22 pelo site do <strong>Jornal Biz<\/strong> e informam que em resposta a uma representa\u00e7\u00e3o da Coliga\u00e7\u00e3o &#8220;Amor e Respeito por Ourinhos&#8221;, a Ju\u00edza Raquel Grellet Pereira da 82a Zona Eleitoral de Ourinhos determinou a suspens\u00e3o imediata do perfil an\u00f4nimo do Instagram chamado &#8220;OURINHOSPARATDS&#8221;. A coliga\u00e7\u00e3o descobriu que o perfil, que usou indevidamente o bras\u00e3o oficial da Prefeitura Municipal de Ourinhos, estava fazendo propaganda eleitoral ilegal em favor do candidato a prefeito Caio Lima (PSD), juntamente com seu vice Dr. Lucas Pocay Alves da Silva, prefeito e Paulo C\u00e9sar Ferreirinha Testa, Lucas Pocay Alves da Silva, o prefeito e \u00c9der J\u00falio Mota, o candidato a vereador. Al\u00e9m disso, Guilherme Gon\u00e7alves (Podemos), candidato a prefeito, e seu vice, Alexandre Z\u00f3io, foram atacados por meio da p\u00e1gina.<\/p>\n\n\n\n<p>A magistrada enfatizou que o uso de perfis an\u00f4nimos para fins eleitorais constitui uma viola\u00e7\u00e3o significativa da legisla\u00e7\u00e3o eleitoral, especialmente quando se trata de s\u00edmbolos p\u00fablicos. A Justi\u00e7a Eleitoral ordenou que o Facebook fosse suspenso por at\u00e9 24 horas, sob pena de multa di\u00e1ria de R$ 10.000,00 e enquadramento em crime de desobedi\u00eancia, em um esfor\u00e7o para garantir a igualdade de oportunidades entre os candidatos e preservar a integridade do processo eleitoral. A p\u00e1gina j\u00e1 n\u00e3o estava dispon\u00edvel na plataforma \u00e0s 22h desta sexta-feira, 22.<\/p>\n\n\n\n<p>A decis\u00e3o da juiza exigiu que a rede social fornecesse informa\u00e7\u00f5es sobre os respons\u00e1veis pelos perfis e endere\u00e7os de IP relacionados \u00e0s postagens, al\u00e9m da suspens\u00e3o. Os administradores da p\u00e1gina e a fonte das publica\u00e7\u00f5es podem ser encontrados usando essas informa\u00e7\u00f5es.<\/p>\n<input type=\"hidden\" id=\"baseurl\" value=\"https:\/\/noticiasregionais.com.br\"><input type=\"hidden\" id=\"audio_nonce\" value=\"533fbb67b1\">","protected":false},"excerpt":{"rendered":"<p>A Justi\u00e7a Eleitoral tamb\u00e9m ordenou que o Facebook forne\u00e7a os dados cadastrais dos propriet\u00e1rios de p\u00e1ginas an\u00f4nimas que a Meta&hellip;<\/p>\n","protected":false},"author":1,"featured_media":3559,"comment_status":"closed","ping_status":"open","sticky":false,"template":"","format":"standard","meta":{"sfsi_plus_gutenberg_text_before_share":"","sfsi_plus_gutenberg_show_text_before_share":"","sfsi_plus_gutenberg_icon_type":"","sfsi_plus_gutenberg_icon_alignemt":"","sfsi_plus_gutenburg_max_per_row":"","footnotes":""},"categories":[5,12,1],"tags":[],"class_list":["post-3558","post","type-post","status-publish","format-standard","has-post-thumbnail","hentry","category-ourinhos","category-capa","category-noticias"],"_links":{"self":[{"href":"https:\/\/noticiasregionais.com.br\/index.php?rest_route=\/wp\/v2\/posts\/3558","targetHints":{"allow":["GET"]}}],"collection":[{"href":"https:\/\/noticiasregionais.com.br\/index.php?rest_route=\/wp\/v2\/posts"}],"about":[{"href":"https:\/\/noticiasregionais.com.br\/index.php?rest_route=\/wp\/v2\/types\/post"}],"author":[{"embeddable":true,"href":"https:\/\/noticiasregionais.com.br\/index.php?rest_route=\/wp\/v2\/users\/1"}],"replies":[{"embeddable":true,"href":"https:\/\/noticiasregionais.com.br\/index.php?rest_route=%2Fwp%2Fv2%2Fcomments&post=3558"}],"version-history":[{"count":1,"href":"https:\/\/noticiasregionais.com.br\/index.php?rest_route=\/wp\/v2\/posts\/3558\/revisions"}],"predecessor-version":[{"id":3560,"href":"https:\/\/noticiasregionais.com.br\/index.php?rest_route=\/wp\/v2\/posts\/3558\/revisions\/3560"}],"wp:featuredmedia":[{"embeddable":true,"href":"https:\/\/noticiasregionais.com.br\/index.php?rest_route=\/wp\/v2\/media\/3559"}],"wp:attachment":[{"href":"https:\/\/noticiasregionais.com.br\/index.php?rest_route=%2Fwp%2Fv2%2Fmedia&parent=3558"}],"wp:term":[{"taxonomy":"category","embeddable":true,"href":"https:\/\/noticiasregionais.com.br\/index.php?rest_route=%2Fwp%2Fv2%2Fcategories&post=3558"},{"taxonomy":"post_tag","embeddable":true,"href":"https:\/\/noticiasregionais.com.br\/index.php?rest_route=%2Fwp%2Fv2%2Ftags&post=3558"}],"curies":[{"name":"wp","href":"https:\/\/api.w.org\/{rel}","templated":true}]}}