{"id":3561,"date":"2024-08-23T22:51:59","date_gmt":"2024-08-24T01:51:59","guid":{"rendered":"https:\/\/noticiasregionais.com.br\/?p=3561"},"modified":"2024-08-23T22:52:10","modified_gmt":"2024-08-24T01:52:10","slug":"operacao-conjunta-da-policia-militar-e-civil-apreende-mais-de-8-kg-de-drogas-em-promissao","status":"publish","type":"post","link":"https:\/\/noticiasregionais.com.br\/?p=3561","title":{"rendered":"Opera\u00e7\u00e3o Conjunta da Pol\u00edcia Militar e Civil Apreende Mais de 8 kg de Drogas em Promiss\u00e3o"},"content":{"rendered":"\n<p>Em uma opera\u00e7\u00e3o conjunta realizada nesta ter\u00e7a-feira (22), as for\u00e7as de seguran\u00e7a de Promiss\u00e3o, interior de S\u00e3o Paulo, obtiveram resultados expressivos no combate ao tr\u00e1fico de drogas. A a\u00e7\u00e3o foi conduzida pela Pol\u00edcia Militar, por meio da Equipe K9 do 13\u00ba BAEP, em colabora\u00e7\u00e3o com equipes da Pol\u00edcia Civil e Radiopatrulha da 2\u00aa Cia do 44\u00b0 BPM\/I. A opera\u00e7\u00e3o, que teve in\u00edcio \u00e0s 07h10, resultou na execu\u00e7\u00e3o de 07 mandados de pris\u00e3o preventiva e 12 mandados de busca e apreens\u00e3o, culminando na pris\u00e3o de 10 pessoas.<\/p>\n\n\n\n<p>Durante a opera\u00e7\u00e3o, varreduras minuciosas foram realizadas com a ajuda de c\u00e3es especializados na detec\u00e7\u00e3o de drogas. Em v\u00e1rios pontos, o c\u00e3o Bruce, da Equipe K9, sinalizou a presen\u00e7a de entorpecentes. No total, foram apreendidos 8,293 kg de maconha, 0,232 kg de coca\u00edna e 0,230 kg de crack. Al\u00e9m das drogas, os agentes encontraram e apreenderam anota\u00e7\u00f5es de contabilidade do tr\u00e1fico, r\u00e1dios HT, uma arma de fogo do tipo rev\u00f3lver calibre 38 com 05 muni\u00e7\u00f5es, balan\u00e7as de precis\u00e3o, celulares, uma m\u00e1quina de cart\u00e3o e R$ 3.102,00 em dinheiro.<\/p>\n\n\n\n<p>Os envolvidos foram conduzidos ao Centro de Pol\u00edcia Judici\u00e1ria (CPJ) de Promiss\u00e3o, onde foram registrados os Boletins de Ocorr\u00eancia por tr\u00e1fico de drogas, posse ilegal de arma de fogo de uso restrito e captura de procurados.<\/p>\n\n\n\n<p>Essa opera\u00e7\u00e3o reflete o esfor\u00e7o cont\u00ednuo das for\u00e7as de seguran\u00e7a de Promiss\u00e3o no combate ao tr\u00e1fico de drogas e ao crime organizado, destacando a import\u00e2ncia da coopera\u00e7\u00e3o entre as diferentes unidades policiais para garantir a seguran\u00e7a da popula\u00e7\u00e3o.<\/p>\n\n\n\n<figure class=\"wp-block-gallery has-nested-images columns-default is-cropped wp-block-gallery-1 is-layout-flex wp-block-gallery-is-layout-flex\">\n<figure class=\"wp-block-image size-large\"><a href=\"https:\/\/noticiasregionais.com.br\/wp-content\/uploads\/2024\/08\/WhatsApp-Image-2024-08-23-at-17.11.45.jpeg\"><img decoding=\"async\" width=\"1024\" height=\"768\" data-id=\"3564\" src=\"https:\/\/noticiasregionais.com.br\/wp-content\/uploads\/2024\/08\/WhatsApp-Image-2024-08-23-at-17.11.45-1024x768.jpeg\" alt=\"\" class=\"wp-image-3564\" srcset=\"https:\/\/noticiasregionais.com.br\/wp-content\/uploads\/2024\/08\/WhatsApp-Image-2024-08-23-at-17.11.45-1024x768.jpeg 1024w, https:\/\/noticiasregionais.com.br\/wp-content\/uploads\/2024\/08\/WhatsApp-Image-2024-08-23-at-17.11.45-300x225.jpeg 300w, https:\/\/noticiasregionais.com.br\/wp-content\/uploads\/2024\/08\/WhatsApp-Image-2024-08-23-at-17.11.45-768x576.jpeg 768w, https:\/\/noticiasregionais.com.br\/wp-content\/uploads\/2024\/08\/WhatsApp-Image-2024-08-23-at-17.11.45-1536x1152.jpeg 1536w, https:\/\/noticiasregionais.com.br\/wp-content\/uploads\/2024\/08\/WhatsApp-Image-2024-08-23-at-17.11.45.jpeg 1600w\" sizes=\"(max-width: 1024px) 100vw, 1024px\" \/><\/a><\/figure>\n\n\n\n<figure class=\"wp-block-image size-large\"><a href=\"https:\/\/noticiasregionais.com.br\/wp-content\/uploads\/2024\/08\/WhatsApp-Image-2024-08-23-at-17.11.46.jpeg\"><img decoding=\"async\" width=\"576\" height=\"1024\" data-id=\"3563\" src=\"https:\/\/noticiasregionais.com.br\/wp-content\/uploads\/2024\/08\/WhatsApp-Image-2024-08-23-at-17.11.46-576x1024.jpeg\" alt=\"\" class=\"wp-image-3563\" srcset=\"https:\/\/noticiasregionais.com.br\/wp-content\/uploads\/2024\/08\/WhatsApp-Image-2024-08-23-at-17.11.46-576x1024.jpeg 576w, https:\/\/noticiasregionais.com.br\/wp-content\/uploads\/2024\/08\/WhatsApp-Image-2024-08-23-at-17.11.46-169x300.jpeg 169w, https:\/\/noticiasregionais.com.br\/wp-content\/uploads\/2024\/08\/WhatsApp-Image-2024-08-23-at-17.11.46.jpeg 720w\" sizes=\"(max-width: 576px) 100vw, 576px\" \/><\/a><\/figure>\n\n\n\n<figure class=\"wp-block-image size-large\"><a href=\"https:\/\/noticiasregionais.com.br\/wp-content\/uploads\/2024\/08\/WhatsApp-Image-2024-08-23-at-17.11.441.jpeg\"><img decoding=\"async\" width=\"1024\" height=\"768\" data-id=\"3565\" src=\"https:\/\/noticiasregionais.com.br\/wp-content\/uploads\/2024\/08\/WhatsApp-Image-2024-08-23-at-17.11.441-1024x768.jpeg\" alt=\"\" class=\"wp-image-3565\" srcset=\"https:\/\/noticiasregionais.com.br\/wp-content\/uploads\/2024\/08\/WhatsApp-Image-2024-08-23-at-17.11.441-1024x768.jpeg 1024w, https:\/\/noticiasregionais.com.br\/wp-content\/uploads\/2024\/08\/WhatsApp-Image-2024-08-23-at-17.11.441-300x225.jpeg 300w, https:\/\/noticiasregionais.com.br\/wp-content\/uploads\/2024\/08\/WhatsApp-Image-2024-08-23-at-17.11.441-768x576.jpeg 768w, https:\/\/noticiasregionais.com.br\/wp-content\/uploads\/2024\/08\/WhatsApp-Image-2024-08-23-at-17.11.441-1536x1152.jpeg 1536w, https:\/\/noticiasregionais.com.br\/wp-content\/uploads\/2024\/08\/WhatsApp-Image-2024-08-23-at-17.11.441.jpeg 1600w\" sizes=\"(max-width: 1024px) 100vw, 1024px\" \/><\/a><\/figure>\n<\/figure>\n<input type=\"hidden\" id=\"baseurl\" value=\"https:\/\/noticiasregionais.com.br\"><input type=\"hidden\" id=\"audio_nonce\" value=\"533fbb67b1\">","protected":false},"excerpt":{"rendered":"<p>Em uma opera\u00e7\u00e3o conjunta realizada nesta ter\u00e7a-feira (22), as for\u00e7as de seguran\u00e7a de Promiss\u00e3o, interior de S\u00e3o Paulo, obtiveram resultados&hellip;<\/p>\n","protected":false},"author":1,"featured_media":3562,"comment_status":"closed","ping_status":"open","sticky":false,"template":"","format":"standard","meta":{"sfsi_plus_gutenberg_text_before_share":"","sfsi_plus_gutenberg_show_text_before_share":"","sfsi_plus_gutenberg_icon_type":"","sfsi_plus_gutenberg_icon_alignemt":"","sfsi_plus_gutenburg_max_per_row":"","footnotes":""},"categories":[6,10,1],"tags":[],"class_list":["post-3561","post","type-post","status-publish","format-standard","has-post-thumbnail","hentry","category-sao_paulo","category-destaques","category-noticias"],"_links":{"self":[{"href":"https:\/\/noticiasregionais.com.br\/index.php?rest_route=\/wp\/v2\/posts\/3561","targetHints":{"allow":["GET"]}}],"collection":[{"href":"https:\/\/noticiasregionais.com.br\/index.php?rest_route=\/wp\/v2\/posts"}],"about":[{"href":"https:\/\/noticiasregionais.com.br\/index.php?rest_route=\/wp\/v2\/types\/post"}],"author":[{"embeddable":true,"href":"https:\/\/noticiasregionais.com.br\/index.php?rest_route=\/wp\/v2\/users\/1"}],"replies":[{"embeddable":true,"href":"https:\/\/noticiasregionais.com.br\/index.php?rest_route=%2Fwp%2Fv2%2Fcomments&post=3561"}],"version-history":[{"count":1,"href":"https:\/\/noticiasregionais.com.br\/index.php?rest_route=\/wp\/v2\/posts\/3561\/revisions"}],"predecessor-version":[{"id":3566,"href":"https:\/\/noticiasregionais.com.br\/index.php?rest_route=\/wp\/v2\/posts\/3561\/revisions\/3566"}],"wp:featuredmedia":[{"embeddable":true,"href":"https:\/\/noticiasregionais.com.br\/index.php?rest_route=\/wp\/v2\/media\/3562"}],"wp:attachment":[{"href":"https:\/\/noticiasregionais.com.br\/index.php?rest_route=%2Fwp%2Fv2%2Fmedia&parent=3561"}],"wp:term":[{"taxonomy":"category","embeddable":true,"href":"https:\/\/noticiasregionais.com.br\/index.php?rest_route=%2Fwp%2Fv2%2Fcategories&post=3561"},{"taxonomy":"post_tag","embeddable":true,"href":"https:\/\/noticiasregionais.com.br\/index.php?rest_route=%2Fwp%2Fv2%2Ftags&post=3561"}],"curies":[{"name":"wp","href":"https:\/\/api.w.org\/{rel}","templated":true}]}}