{"id":3567,"date":"2024-08-23T22:58:14","date_gmt":"2024-08-24T01:58:14","guid":{"rendered":"https:\/\/noticiasregionais.com.br\/?p=3567"},"modified":"2024-08-23T22:58:20","modified_gmt":"2024-08-24T01:58:20","slug":"acidente-em-londrina-caminhoneiro-morre-apos-perder-controle-do-veiculo","status":"publish","type":"post","link":"https:\/\/noticiasregionais.com.br\/?p=3567","title":{"rendered":"Acidente em Londrina: Caminhoneiro Morre Ap\u00f3s Perder Controle do Ve\u00edculo"},"content":{"rendered":"\n<p>Na manh\u00e3 desta quinta-feira (22), por volta das 11h30, um acidente grave ocorreu no km 153,6 da BR-369, na Avenida Tiradentes, em Londrina, Paran\u00e1. Um caminh\u00e3o VW\/26.280 que seguia em dire\u00e7\u00e3o a Camb\u00e9 saiu da pista e colidiu com um poste de ilumina\u00e7\u00e3o p\u00fablica, uma barreira de concreto e uma defensa met\u00e1lica. O ve\u00edculo acabou parando no passeio da via oposta.<\/p>\n\n\n\n<p>O motorista do caminh\u00e3o, um homem de 64 anos, infelizmente morreu no local. As autoridades suspeitam que ele tenha sofrido um mal s\u00fabito, j\u00e1 que n\u00e3o foram encontrados sinais de frenagem na pista.<\/p>\n\n\n\n<p>Um Fiat Dobl\u00f4 que passava pelo local foi atingido pelo caminh\u00e3o, mas, felizmente, os ocupantes do carro n\u00e3o se feriram.<\/p>\n\n\n\n<p>Equipes da Pol\u00edcia Rodovi\u00e1ria Federal (PRF), Pol\u00edcia Civil, Pol\u00edcia Cient\u00edfica, Corpo de Bombeiros e Instituto M\u00e9dico Legal (IML) estiveram no local para atender a ocorr\u00eancia. A PRF organizou o tr\u00e2nsito na \u00e1rea para permitir a limpeza da via e informou que ir\u00e1 elaborar o Laudo Pericial de Acidente de Tr\u00e2nsito, que ser\u00e1 encaminhado \u00e0 Autoridade Policial para investiga\u00e7\u00e3o.<\/p>\n<input type=\"hidden\" id=\"baseurl\" value=\"https:\/\/noticiasregionais.com.br\"><input type=\"hidden\" id=\"audio_nonce\" value=\"533fbb67b1\">","protected":false},"excerpt":{"rendered":"<p>Na manh\u00e3 desta quinta-feira (22), por volta das 11h30, um acidente grave ocorreu no km 153,6 da BR-369, na Avenida&hellip;<\/p>\n","protected":false},"author":1,"featured_media":3568,"comment_status":"closed","ping_status":"open","sticky":false,"template":"","format":"standard","meta":{"sfsi_plus_gutenberg_text_before_share":"","sfsi_plus_gutenberg_show_text_before_share":"","sfsi_plus_gutenberg_icon_type":"","sfsi_plus_gutenberg_icon_alignemt":"","sfsi_plus_gutenburg_max_per_row":"","footnotes":""},"categories":[7,10,1],"tags":[],"class_list":["post-3567","post","type-post","status-publish","format-standard","has-post-thumbnail","hentry","category-parana","category-destaques","category-noticias"],"_links":{"self":[{"href":"https:\/\/noticiasregionais.com.br\/index.php?rest_route=\/wp\/v2\/posts\/3567","targetHints":{"allow":["GET"]}}],"collection":[{"href":"https:\/\/noticiasregionais.com.br\/index.php?rest_route=\/wp\/v2\/posts"}],"about":[{"href":"https:\/\/noticiasregionais.com.br\/index.php?rest_route=\/wp\/v2\/types\/post"}],"author":[{"embeddable":true,"href":"https:\/\/noticiasregionais.com.br\/index.php?rest_route=\/wp\/v2\/users\/1"}],"replies":[{"embeddable":true,"href":"https:\/\/noticiasregionais.com.br\/index.php?rest_route=%2Fwp%2Fv2%2Fcomments&post=3567"}],"version-history":[{"count":1,"href":"https:\/\/noticiasregionais.com.br\/index.php?rest_route=\/wp\/v2\/posts\/3567\/revisions"}],"predecessor-version":[{"id":3569,"href":"https:\/\/noticiasregionais.com.br\/index.php?rest_route=\/wp\/v2\/posts\/3567\/revisions\/3569"}],"wp:featuredmedia":[{"embeddable":true,"href":"https:\/\/noticiasregionais.com.br\/index.php?rest_route=\/wp\/v2\/media\/3568"}],"wp:attachment":[{"href":"https:\/\/noticiasregionais.com.br\/index.php?rest_route=%2Fwp%2Fv2%2Fmedia&parent=3567"}],"wp:term":[{"taxonomy":"category","embeddable":true,"href":"https:\/\/noticiasregionais.com.br\/index.php?rest_route=%2Fwp%2Fv2%2Fcategories&post=3567"},{"taxonomy":"post_tag","embeddable":true,"href":"https:\/\/noticiasregionais.com.br\/index.php?rest_route=%2Fwp%2Fv2%2Ftags&post=3567"}],"curies":[{"name":"wp","href":"https:\/\/api.w.org\/{rel}","templated":true}]}}